{"id":1620,"date":"2009-05-13T23:23:40","date_gmt":"2009-05-14T03:23:40","guid":{"rendered":"http:\/\/www.redenoticia.com.br\/noticia\/?p=1620"},"modified":"2009-05-13T23:23:40","modified_gmt":"2009-05-14T03:23:40","slug":"com-a-aproximacao-do-inverno-as-alergias-respiratorias-aumentam","status":"publish","type":"post","link":"https:\/\/migracao.redenoticia.com.br\/noticia\/2009\/com-a-aproximacao-do-inverno-as-alergias-respiratorias-aumentam\/1620","title":{"rendered":"Com a aproxima\u00e7\u00e3o do inverno, as alergias respirat\u00f3rias aumentam"},"content":{"rendered":"<p class=\"MsoNormal\">Estudos e pesquisas mostram que o n\u00famero de al\u00e9rgicos \u00e9 crescente no mundo todo. Para se ter uma id\u00e9ia, nos \u00faltimos 100 anos, as alergias tiveram sua ocorr\u00eancia aumentada entre 120 a 150 vezes. No in\u00edcio do s\u00e9culo 20, duas em cada mil pessoas tinham alergia. Hoje, s\u00e3o 300 em cada grupo de mil.<\/p>\n<p class=\"MsoNormal\"><strong>Voc\u00ea sabe o que \u00e9 Alergia?<\/strong><\/p>\n<p class=\"MsoNormal\">Aproximadamente 30% da popula\u00e7\u00e3o mundial sofre com algum tipo de alergia e a grande maioria das pessoas imagina que isso \u00e9 uma \u201cqueda de imunidade\u201d. Na verdade, a alergia \u00e9 o oposto disso: \u00e9 a rea\u00e7\u00e3o exagerada do sistema imunol\u00f3gico de indiv\u00edduos suscet\u00edveis geneticamente contra subst\u00e2ncias que s\u00e3o inofensivas para a maioria das pessoas.<\/p>\n<p class=\"MsoNormal\">As rea\u00e7\u00f5es al\u00e9rgicas, se controladas, n\u00e3o s\u00e3o fatais, mas causam extremo desconforto. A Rinite \u00e9 a mais comum das alergias respirat\u00f3rias, manifesta-se atrav\u00e9s de espirros e coriza, causando dor e sensa\u00e7\u00e3o de press\u00e3o na regi\u00e3o do rosto, j\u00e1 a Asma, outro problema respirat\u00f3rio importante, obstrui o fluxo de ar nas vias respirat\u00f3rias e tem como principais sintomas a tosse, ard\u00eancia e chiado no peito, al\u00e9m da falta de ar e do mal estar.<\/p>\n<p class=\"MsoNormal\">Com a chegada do inverno, a condi\u00e7\u00e3o de pessoas predispostas \u00e0s alergias tende a se agravar, pois \u00e9 nesta esta\u00e7\u00e3o que o clima torna-se mais seco e a polui\u00e7\u00e3o aumenta, por isso \u00e9 muito importante saber prevenir e evitar as causas.<\/p>\n<p class=\"MsoNormal\"><em>Da Assessoria<\/em><\/p>\n","protected":false},"excerpt":{"rendered":"<p>Estudos e pesquisas mostram que o n\u00famero de al\u00e9rgicos \u00e9 crescente no mundo todo. Para se ter uma id\u00e9ia, nos \u00faltimos 100 anos, as alergias tiveram sua ocorr\u00eancia aumentada entre 120 a 150 vezes. No in\u00edcio do s\u00e9culo 20, duas em cada mil pessoas tinham alergia. Hoje, s\u00e3o 300 em cada grupo de mil. Voc\u00ea [&hellip;]<\/p>\n","protected":false},"author":3,"featured_media":0,"comment_status":"open","ping_status":"open","sticky":false,"template":"","format":"standard","meta":{"tdm_status":"","tdm_grid_status":"","footnotes":""},"categories":[5],"tags":[],"class_list":{"0":"post-1620","1":"post","2":"type-post","3":"status-publish","4":"format-standard","6":"category-saude-e-vida"},"_links":{"self":[{"href":"https:\/\/migracao.redenoticia.com.br\/noticia\/wp-json\/wp\/v2\/posts\/1620","targetHints":{"allow":["GET"]}}],"collection":[{"href":"https:\/\/migracao.redenoticia.com.br\/noticia\/wp-json\/wp\/v2\/posts"}],"about":[{"href":"https:\/\/migracao.redenoticia.com.br\/noticia\/wp-json\/wp\/v2\/types\/post"}],"author":[{"embeddable":true,"href":"https:\/\/migracao.redenoticia.com.br\/noticia\/wp-json\/wp\/v2\/users\/3"}],"replies":[{"embeddable":true,"href":"https:\/\/migracao.redenoticia.com.br\/noticia\/wp-json\/wp\/v2\/comments?post=1620"}],"version-history":[{"count":0,"href":"https:\/\/migracao.redenoticia.com.br\/noticia\/wp-json\/wp\/v2\/posts\/1620\/revisions"}],"wp:attachment":[{"href":"https:\/\/migracao.redenoticia.com.br\/noticia\/wp-json\/wp\/v2\/media?parent=1620"}],"wp:term":[{"taxonomy":"category","embeddable":true,"href":"https:\/\/migracao.redenoticia.com.br\/noticia\/wp-json\/wp\/v2\/categories?post=1620"},{"taxonomy":"post_tag","embeddable":true,"href":"https:\/\/migracao.redenoticia.com.br\/noticia\/wp-json\/wp\/v2\/tags?post=1620"}],"curies":[{"name":"wp","href":"https:\/\/api.w.org\/{rel}","templated":true}]}}