{"id":1623,"date":"2009-05-14T09:44:45","date_gmt":"2009-05-14T13:44:45","guid":{"rendered":"http:\/\/www.redenoticia.com.br\/noticia\/?p=1623"},"modified":"2009-05-14T09:44:45","modified_gmt":"2009-05-14T13:44:45","slug":"social-do-rede-noticia-abracos-de-hoje-14-vao-para%e2%80%a6","status":"publish","type":"post","link":"https:\/\/migracao.redenoticia.com.br\/noticia\/2009\/social-do-rede-noticia-abracos-de-hoje-14-vao-para%e2%80%a6\/1623","title":{"rendered":"Social do Rede Not\u00edcia &#8211; Abra\u00e7os de hoje (14) v\u00e3o para\u2026"},"content":{"rendered":"<p>Abra\u00e7os de hoje (14):<\/p>\n<p>&#8211; sempre, pra come\u00e7ar,\u00a0 abra\u00e7o aos leitores ass\u00edduos;<\/p>\n<p>&#8211; \u00e0 Bethania, diretora da escola municipal Ad\u00e3o Valdir Lamota, e professores que est\u00e3o prontos para implantar o per\u00edodo integral na escola;<\/p>\n<p>&#8211; aos 50 jovens maduros da ULBRATI e todos os professores e acad\u00eamicos da ULBRA empenhados no projeto;<\/p>\n<p>&#8211; \u00e0 UNIMED que ap\u00f3ia o esporte e a qualidade de vida da comunidade.<\/p>\n<p>N\u00e3o percam os abra\u00e7os de amanh\u00e3.<\/p>\n","protected":false},"excerpt":{"rendered":"<p>Abra\u00e7os de hoje (14): &#8211; sempre, pra come\u00e7ar,\u00a0 abra\u00e7o aos leitores ass\u00edduos; &#8211; \u00e0 Bethania, diretora da escola municipal Ad\u00e3o Valdir Lamota, e professores que est\u00e3o prontos para implantar o per\u00edodo integral na escola; &#8211; aos 50 jovens maduros da ULBRATI e todos os professores e acad\u00eamicos da ULBRA empenhados no projeto; &#8211; \u00e0 UNIMED [&hellip;]<\/p>\n","protected":false},"author":3,"featured_media":0,"comment_status":"open","ping_status":"open","sticky":false,"template":"","format":"standard","meta":{"tdm_status":"","tdm_grid_status":"","footnotes":""},"categories":[22],"tags":[],"class_list":{"0":"post-1623","1":"post","2":"type-post","3":"status-publish","4":"format-standard","6":"category-brasil"},"_links":{"self":[{"href":"https:\/\/migracao.redenoticia.com.br\/noticia\/wp-json\/wp\/v2\/posts\/1623","targetHints":{"allow":["GET"]}}],"collection":[{"href":"https:\/\/migracao.redenoticia.com.br\/noticia\/wp-json\/wp\/v2\/posts"}],"about":[{"href":"https:\/\/migracao.redenoticia.com.br\/noticia\/wp-json\/wp\/v2\/types\/post"}],"author":[{"embeddable":true,"href":"https:\/\/migracao.redenoticia.com.br\/noticia\/wp-json\/wp\/v2\/users\/3"}],"replies":[{"embeddable":true,"href":"https:\/\/migracao.redenoticia.com.br\/noticia\/wp-json\/wp\/v2\/comments?post=1623"}],"version-history":[{"count":0,"href":"https:\/\/migracao.redenoticia.com.br\/noticia\/wp-json\/wp\/v2\/posts\/1623\/revisions"}],"wp:attachment":[{"href":"https:\/\/migracao.redenoticia.com.br\/noticia\/wp-json\/wp\/v2\/media?parent=1623"}],"wp:term":[{"taxonomy":"category","embeddable":true,"href":"https:\/\/migracao.redenoticia.com.br\/noticia\/wp-json\/wp\/v2\/categories?post=1623"},{"taxonomy":"post_tag","embeddable":true,"href":"https:\/\/migracao.redenoticia.com.br\/noticia\/wp-json\/wp\/v2\/tags?post=1623"}],"curies":[{"name":"wp","href":"https:\/\/api.w.org\/{rel}","templated":true}]}}