{"id":1626,"date":"2009-05-14T17:09:45","date_gmt":"2009-05-14T21:09:45","guid":{"rendered":"http:\/\/www.redenoticia.com.br\/noticia\/?p=1626"},"modified":"2009-05-14T17:09:45","modified_gmt":"2009-05-14T21:09:45","slug":"desocupacao-da-flona-bom-futuro-sera-negociada","status":"publish","type":"post","link":"https:\/\/migracao.redenoticia.com.br\/noticia\/2009\/desocupacao-da-flona-bom-futuro-sera-negociada\/1626","title":{"rendered":"Desocupa\u00e7\u00e3o da Flona Bom Futuro ser\u00e1 negociada"},"content":{"rendered":"<p>O ministro do Meio Ambiente, Carlos Minc, garantiu que n\u00e3o haver\u00e1 desocupa\u00e7\u00e3o \u00e0 for\u00e7a dos ocupantes da Flona Bom Futuro, em Rond\u00f4nia. Nenhuma casa, estabelecimento comercial, escola ou igreja ser\u00e1 demolida, disse. A a\u00e7\u00e3o de v\u00e1rios minist\u00e9rios e \u00f3rg\u00e3os do governo federal, programada para a pr\u00f3xima semana, tem como objetivo combater o desmatamento e a ocupa\u00e7\u00e3o irregular da unidade de conserva\u00e7\u00e3o e ser\u00e1 realizada de forma pac\u00edfica e negociada, salientou Minc.<\/p>\n","protected":false},"excerpt":{"rendered":"<p>O ministro do Meio Ambiente, Carlos Minc, garantiu que n\u00e3o haver\u00e1 desocupa\u00e7\u00e3o \u00e0 for\u00e7a dos ocupantes da Flona Bom Futuro, em Rond\u00f4nia. Nenhuma casa, estabelecimento comercial, escola ou igreja ser\u00e1 demolida, disse. A a\u00e7\u00e3o de v\u00e1rios minist\u00e9rios e \u00f3rg\u00e3os do governo federal, programada para a pr\u00f3xima semana, tem como objetivo combater o desmatamento e a [&hellip;]<\/p>\n","protected":false},"author":2,"featured_media":0,"comment_status":"open","ping_status":"open","sticky":false,"template":"","format":"standard","meta":{"tdm_status":"","tdm_grid_status":"","footnotes":""},"categories":[22],"tags":[],"class_list":{"0":"post-1626","1":"post","2":"type-post","3":"status-publish","4":"format-standard","6":"category-brasil"},"_links":{"self":[{"href":"https:\/\/migracao.redenoticia.com.br\/noticia\/wp-json\/wp\/v2\/posts\/1626","targetHints":{"allow":["GET"]}}],"collection":[{"href":"https:\/\/migracao.redenoticia.com.br\/noticia\/wp-json\/wp\/v2\/posts"}],"about":[{"href":"https:\/\/migracao.redenoticia.com.br\/noticia\/wp-json\/wp\/v2\/types\/post"}],"author":[{"embeddable":true,"href":"https:\/\/migracao.redenoticia.com.br\/noticia\/wp-json\/wp\/v2\/users\/2"}],"replies":[{"embeddable":true,"href":"https:\/\/migracao.redenoticia.com.br\/noticia\/wp-json\/wp\/v2\/comments?post=1626"}],"version-history":[{"count":0,"href":"https:\/\/migracao.redenoticia.com.br\/noticia\/wp-json\/wp\/v2\/posts\/1626\/revisions"}],"wp:attachment":[{"href":"https:\/\/migracao.redenoticia.com.br\/noticia\/wp-json\/wp\/v2\/media?parent=1626"}],"wp:term":[{"taxonomy":"category","embeddable":true,"href":"https:\/\/migracao.redenoticia.com.br\/noticia\/wp-json\/wp\/v2\/categories?post=1626"},{"taxonomy":"post_tag","embeddable":true,"href":"https:\/\/migracao.redenoticia.com.br\/noticia\/wp-json\/wp\/v2\/tags?post=1626"}],"curies":[{"name":"wp","href":"https:\/\/api.w.org\/{rel}","templated":true}]}}