{"id":16267,"date":"2009-11-04T22:59:17","date_gmt":"2009-11-05T02:59:17","guid":{"rendered":"http:\/\/www.redenoticia.com.br\/noticia\/?p=16267"},"modified":"2009-11-04T22:59:17","modified_gmt":"2009-11-05T02:59:17","slug":"rede-record-a-fazenda-2-em-pay-per-view","status":"publish","type":"post","link":"https:\/\/migracao.redenoticia.com.br\/noticia\/2009\/rede-record-a-fazenda-2-em-pay-per-view\/16267","title":{"rendered":"Rede Record &#8211; a Fazenda 2 em Pay-per-view"},"content":{"rendered":"<p><strong><span style=\"font-weight: normal;\"><a href=\"https:\/\/migracao.redenoticia.com.br\/noticia\/imagens\/\/fazenda1.jpg\"><img loading=\"lazy\" decoding=\"async\" class=\"alignleft size-full wp-image-9779\" title=\"fazenda\" src=\"https:\/\/migracao.redenoticia.com.br\/noticia\/imagens\/\/fazenda1.jpg\" alt=\"fazenda\" width=\"150\" height=\"113\" \/><\/a><\/span>Rede Record<\/strong> &#8211; a partir de 15 de novembro de 2009, a TVA e a Telef\u00f4nica TV Digital passar\u00e3o a transmitir todas as emo\u00e7\u00f5es de &#8220;<strong>A Fazenda 2<\/strong>&#8220;, a segunda edi\u00e7\u00e3o do reality show &#8220;A Fazenda&#8221;, exibido pela Rede Record. Diferentemente da primeira temporada, desta vez a emissora ir\u00e1 disponibilizar o pay-per-view para que os espectadores possam acompanhar tudo o que acontece, 24 horas ao vivo, todos os dias.<\/p>\n<p>Em sua primeira vers\u00e3o, &#8220;A Fazenda&#8221; da Rede Record conquistou o p\u00fablico com o cotidiano de 14 celebridades, acostumadas com a vida urbana, tendo que conviver com diferentes personalidades, lidar com os animais e ainda disputar um pr\u00eamio de um milh\u00e3o de reais. Brito Junior, o apresentador que comandou o lan\u00e7amento do programa, estar\u00e1 \u00e0 frente tamb\u00e9m de &#8220;A Fazenda 2&#8221;.<\/p>\n<p>A novidade estar\u00e1 dispon\u00edvel para assinantes da TVA Digital, nas cidades de S\u00e3o Paulo, Rio de Janeiro, Curitiba e Porto Alegre, e na \u00e1rea de cobertura da Telef\u00f4nica TV Digital, compreendida pelo interior e litoral paulista. Esta iniciativa fortalece a estrat\u00e9gia das operadoras de oferecer uma variedade completa de conte\u00fados, que atendem a todos os gostos e necessidades.<\/p>\n<p>Sobre TVA:<\/p>\n<p>A TVA \u00e9 uma operadora multisservi\u00e7os, que tem como s\u00f3cios os grupos Abril e Telef\u00f4nica, e que apresenta, constantemente, inova\u00e7\u00f5es tecnol\u00f3gicas que antecipam as necessidades dos clientes e oferecem flexibilidade de escolha.<\/p>\n","protected":false},"excerpt":{"rendered":"<p>Rede Record &#8211; a partir de 15 de novembro de 2009, a TVA e a Telef\u00f4nica TV Digital passar\u00e3o a transmitir todas as emo\u00e7\u00f5es de &#8220;A Fazenda 2&#8220;, a segunda edi\u00e7\u00e3o do reality show &#8220;A Fazenda&#8221;, exibido pela Rede Record. Diferentemente da primeira temporada, desta vez a emissora ir\u00e1 disponibilizar o pay-per-view para que os [&hellip;]<\/p>\n","protected":false},"author":3,"featured_media":0,"comment_status":"open","ping_status":"open","sticky":false,"template":"","format":"standard","meta":{"tdm_status":"","tdm_grid_status":"","footnotes":""},"categories":[371,343],"tags":[],"class_list":{"0":"post-16267","1":"post","2":"type-post","3":"status-publish","4":"format-standard","6":"category-rede-record","7":"category-televisao"},"_links":{"self":[{"href":"https:\/\/migracao.redenoticia.com.br\/noticia\/wp-json\/wp\/v2\/posts\/16267","targetHints":{"allow":["GET"]}}],"collection":[{"href":"https:\/\/migracao.redenoticia.com.br\/noticia\/wp-json\/wp\/v2\/posts"}],"about":[{"href":"https:\/\/migracao.redenoticia.com.br\/noticia\/wp-json\/wp\/v2\/types\/post"}],"author":[{"embeddable":true,"href":"https:\/\/migracao.redenoticia.com.br\/noticia\/wp-json\/wp\/v2\/users\/3"}],"replies":[{"embeddable":true,"href":"https:\/\/migracao.redenoticia.com.br\/noticia\/wp-json\/wp\/v2\/comments?post=16267"}],"version-history":[{"count":0,"href":"https:\/\/migracao.redenoticia.com.br\/noticia\/wp-json\/wp\/v2\/posts\/16267\/revisions"}],"wp:attachment":[{"href":"https:\/\/migracao.redenoticia.com.br\/noticia\/wp-json\/wp\/v2\/media?parent=16267"}],"wp:term":[{"taxonomy":"category","embeddable":true,"href":"https:\/\/migracao.redenoticia.com.br\/noticia\/wp-json\/wp\/v2\/categories?post=16267"},{"taxonomy":"post_tag","embeddable":true,"href":"https:\/\/migracao.redenoticia.com.br\/noticia\/wp-json\/wp\/v2\/tags?post=16267"}],"curies":[{"name":"wp","href":"https:\/\/api.w.org\/{rel}","templated":true}]}}