{"id":16270,"date":"2009-11-04T23:13:58","date_gmt":"2009-11-05T03:13:58","guid":{"rendered":"http:\/\/www.redenoticia.com.br\/noticia\/?p=16270"},"modified":"2009-11-17T22:44:05","modified_gmt":"2009-11-18T02:44:05","slug":"idolos-2009-%e2%80%93-vem-ai-os-sucessos-dos-anos-80","status":"publish","type":"post","link":"https:\/\/migracao.redenoticia.com.br\/noticia\/2009\/idolos-2009-%e2%80%93-vem-ai-os-sucessos-dos-anos-80\/16270","title":{"rendered":"\u00cddolos 2009 \u2013 vem a\u00ed os sucessos dos anos 80"},"content":{"rendered":"<p><a href=\"https:\/\/migracao.redenoticia.com.br\/noticia\/imagens\/\/redenoticiatv2.jpg\"><img loading=\"lazy\" decoding=\"async\" class=\"alignleft size-full wp-image-12199\" title=\"redenoticiatv2\" src=\"https:\/\/migracao.redenoticia.com.br\/noticia\/imagens\/\/redenoticiatv2.jpg\" alt=\"redenoticiatv2\" width=\"150\" height=\"113\" srcset=\"https:\/\/migracao.redenoticia.com.br\/noticia\/imagens\/redenoticiatv2.jpg 150w, https:\/\/migracao.redenoticia.com.br\/noticia\/imagens\/redenoticiatv2-148x112.jpg 148w\" sizes=\"auto, (max-width: 150px) 100vw, 150px\" \/><\/a><strong>\u00cddolos 2009<\/strong> \u2013 mesmo com a opini\u00e3o desfavor\u00e1vel para Dani e Duarte, o p\u00fablico votou menos em Taissa e Julio, que deixaram a competi\u00e7\u00e3o nesta quarta-feira (04\/11). Depois de um exagerado suspense, Rodrigo Faro, o apresentador do \u00cddolos 2009, anunciou que quatro finalistas estariam na berlinda, e foi chamando na ordem: Julio, Paulo, Taissa e Saulo.<\/p>\n<p>Rodrigo Faro perguntou aos jurados \u00cddolos 2009 se a escolha do p\u00fablico foi correta. No opini\u00e3o dos jurados, Saulo n\u00e3o merecia estar entre os quatro menos votados. Com mais suspense Rodrigo Faro anunciou ent\u00e3o que Paulo e Saulo estavam salvos da elimina\u00e7\u00e3o \u00cddolos 2009.<\/p>\n<p>Uma despedida emocionante impediu que Julio e Taissa cantassem a \u00faltima m\u00fasica no \u00cddolos 2009. Rodrigo Faro confortou os eliminados, lembrando a eles que daqui para frente ser\u00e3o muitos shows e sucesso certo.<\/p>\n<p>No programa \u00cddolos 2009 da pr\u00f3xima quarta-feira veremos os finalistas cantando os sucessos da d\u00e9cada de 80, segundo o apresentador Rodrigo Faro. Ser\u00e3o sete finalistas (Dani, Helen, Priscila, Duarte, Paulo, Diego e Saulo) e apenas um eliminado.<\/p>\n<p>\u00cddolos 2009<\/p>\n","protected":false},"excerpt":{"rendered":"<p>\u00cddolos 2009 \u2013 mesmo com a opini\u00e3o desfavor\u00e1vel para Dani e Duarte, o p\u00fablico votou menos em Taissa e Julio, que deixaram a competi\u00e7\u00e3o nesta quarta-feira (04\/11). Depois de um exagerado suspense, Rodrigo Faro, o apresentador do \u00cddolos 2009, anunciou que quatro finalistas estariam na berlinda, e foi chamando na ordem: Julio, Paulo, Taissa e [&hellip;]<\/p>\n","protected":false},"author":3,"featured_media":0,"comment_status":"open","ping_status":"open","sticky":false,"template":"","format":"standard","meta":{"tdm_status":"","tdm_grid_status":"","footnotes":""},"categories":[22,371,343],"tags":[],"class_list":{"0":"post-16270","1":"post","2":"type-post","3":"status-publish","4":"format-standard","6":"category-brasil","7":"category-rede-record","8":"category-televisao"},"_links":{"self":[{"href":"https:\/\/migracao.redenoticia.com.br\/noticia\/wp-json\/wp\/v2\/posts\/16270","targetHints":{"allow":["GET"]}}],"collection":[{"href":"https:\/\/migracao.redenoticia.com.br\/noticia\/wp-json\/wp\/v2\/posts"}],"about":[{"href":"https:\/\/migracao.redenoticia.com.br\/noticia\/wp-json\/wp\/v2\/types\/post"}],"author":[{"embeddable":true,"href":"https:\/\/migracao.redenoticia.com.br\/noticia\/wp-json\/wp\/v2\/users\/3"}],"replies":[{"embeddable":true,"href":"https:\/\/migracao.redenoticia.com.br\/noticia\/wp-json\/wp\/v2\/comments?post=16270"}],"version-history":[{"count":0,"href":"https:\/\/migracao.redenoticia.com.br\/noticia\/wp-json\/wp\/v2\/posts\/16270\/revisions"}],"wp:attachment":[{"href":"https:\/\/migracao.redenoticia.com.br\/noticia\/wp-json\/wp\/v2\/media?parent=16270"}],"wp:term":[{"taxonomy":"category","embeddable":true,"href":"https:\/\/migracao.redenoticia.com.br\/noticia\/wp-json\/wp\/v2\/categories?post=16270"},{"taxonomy":"post_tag","embeddable":true,"href":"https:\/\/migracao.redenoticia.com.br\/noticia\/wp-json\/wp\/v2\/tags?post=16270"}],"curies":[{"name":"wp","href":"https:\/\/api.w.org\/{rel}","templated":true}]}}