{"id":16277,"date":"2009-11-05T10:42:43","date_gmt":"2009-11-05T14:42:43","guid":{"rendered":"http:\/\/www.redenoticia.com.br\/noticia\/?p=16277"},"modified":"2009-11-05T10:42:43","modified_gmt":"2009-11-05T14:42:43","slug":"climatempo-meteorologia-fim-de-semana-em-sao-paulo","status":"publish","type":"post","link":"https:\/\/migracao.redenoticia.com.br\/noticia\/2009\/climatempo-meteorologia-fim-de-semana-em-sao-paulo\/16277","title":{"rendered":"Climatempo Meteorologia &#8211; fim de semana em S\u00e3o Paulo"},"content":{"rendered":"<p><strong><a href=\"https:\/\/migracao.redenoticia.com.br\/noticia\/imagens\/\/climatempo1409.jpg\"><img loading=\"lazy\" decoding=\"async\" class=\"alignleft size-full wp-image-11532\" title=\"climatempo1409\" src=\"https:\/\/migracao.redenoticia.com.br\/noticia\/imagens\/\/climatempo1409.jpg\" alt=\"climatempo1409\" width=\"150\" height=\"113\" srcset=\"https:\/\/migracao.redenoticia.com.br\/noticia\/imagens\/climatempo1409.jpg 150w, https:\/\/migracao.redenoticia.com.br\/noticia\/imagens\/climatempo1409-148x112.jpg 148w\" sizes=\"auto, (max-width: 150px) 100vw, 150px\" \/><\/a>Climatempo Meteorologia<\/strong> &#8211; Nova frente fria muda o tempo no domingo, informam os meteorologistas da Climatempo.S\u00e3o Paulo come\u00e7ou o dia com sol e at\u00e9 o fim da tarde desta quinta-feira h\u00e1 previs\u00e3o de pancadas de chuva em pontos isolados da cidade. A m\u00e1xima prevista para hoje \u00e9 de 32\u00b0C.<\/p>\n<p>At\u00e9 s\u00e1bado, a previs\u00e3o n\u00e3o muda muito. Sol, calor e pancadas isoladas de chuva na capital e no litoral. No domingo, com a aproxima\u00e7\u00e3o de uma frente fria h\u00e1 risco de chuva forte em todo o leste do estado, inclusive na capital. \u00c0 noite, o c\u00e9u tem muitas nuvens e deve chover. O calor diminui de intensidade, mas n\u00e3o faz frio, de acordo com a Climatempo Meteorologia.<\/p>\n<p>Na segunda-feira, a previs\u00e3o \u00e9 de chuva logo pela manh\u00e3, e o tempo inst\u00e1vel deve durar o dia todo.<\/p>\n<p>Sobre o Grupo Climatempo &#8211; O Grupo Climatempo \u00e9 a maior empresa privada de meteorologia do pa\u00eds. Uma holding formada pela Climatempo Consultoria, Ag\u00eancia Climatempo, a TV Climatempo e a CLIMANET (Internet, servi\u00e7os de tecnologia e inform\u00e1tica). Atualmente, o Grupo Climatempo fornece conte\u00fado para os principais portais do pa\u00eds, mais de 50 retransmissoras de televis\u00e3o do Brasil, r\u00e1dios e tem cerca de mil clientes. Os dois principais segmentos atendidos s\u00e3o o de agroneg\u00f3cios e meios de comunica\u00e7\u00e3o. Al\u00e9m destes, fornece conte\u00fado meteorol\u00f3gico estrat\u00e9gico para produtoras, a ind\u00fastria eletroeletr\u00f4nica e t\u00eaxtil, com\u00e9rcio, moda e turismo, constru\u00e7\u00e3o civil, setor de energia, entre outros setores.<\/p>\n<p>O Grupo \u00e9 presidido pelo meteorologista Carlos Magno, um dos primeiros comunicadores da profiss\u00e3o no Pa\u00eds, com mais de 23 anos de carreira, que ajudou a mudar a cultura que o brasileiro tinha sobre a meteorologia. O Grupo Climatempo conta ainda com Ana L\u00facia Frony vice-presidente, Renato Urbinder, s\u00f3cio-diretor (Diretor de Neg\u00f3cios e Projetos Especiais), e os diretores executivos Gilca Palma (Climatempo Meteorologia), Andr\u00e9 Madeira (Ag\u00eancia Climatempo) e o jornalista Paulo Polli (TV Climatempo) no Conselho Consultivo.<\/p>\n","protected":false},"excerpt":{"rendered":"<p>Climatempo Meteorologia &#8211; Nova frente fria muda o tempo no domingo, informam os meteorologistas da Climatempo.S\u00e3o Paulo come\u00e7ou o dia com sol e at\u00e9 o fim da tarde desta quinta-feira h\u00e1 previs\u00e3o de pancadas de chuva em pontos isolados da cidade. A m\u00e1xima prevista para hoje \u00e9 de 32\u00b0C. At\u00e9 s\u00e1bado, a previs\u00e3o n\u00e3o muda [&hellip;]<\/p>\n","protected":false},"author":3,"featured_media":0,"comment_status":"open","ping_status":"open","sticky":false,"template":"","format":"standard","meta":{"tdm_status":"","tdm_grid_status":"","footnotes":""},"categories":[327],"tags":[],"class_list":{"0":"post-16277","1":"post","2":"type-post","3":"status-publish","4":"format-standard","6":"category-clima"},"_links":{"self":[{"href":"https:\/\/migracao.redenoticia.com.br\/noticia\/wp-json\/wp\/v2\/posts\/16277","targetHints":{"allow":["GET"]}}],"collection":[{"href":"https:\/\/migracao.redenoticia.com.br\/noticia\/wp-json\/wp\/v2\/posts"}],"about":[{"href":"https:\/\/migracao.redenoticia.com.br\/noticia\/wp-json\/wp\/v2\/types\/post"}],"author":[{"embeddable":true,"href":"https:\/\/migracao.redenoticia.com.br\/noticia\/wp-json\/wp\/v2\/users\/3"}],"replies":[{"embeddable":true,"href":"https:\/\/migracao.redenoticia.com.br\/noticia\/wp-json\/wp\/v2\/comments?post=16277"}],"version-history":[{"count":0,"href":"https:\/\/migracao.redenoticia.com.br\/noticia\/wp-json\/wp\/v2\/posts\/16277\/revisions"}],"wp:attachment":[{"href":"https:\/\/migracao.redenoticia.com.br\/noticia\/wp-json\/wp\/v2\/media?parent=16277"}],"wp:term":[{"taxonomy":"category","embeddable":true,"href":"https:\/\/migracao.redenoticia.com.br\/noticia\/wp-json\/wp\/v2\/categories?post=16277"},{"taxonomy":"post_tag","embeddable":true,"href":"https:\/\/migracao.redenoticia.com.br\/noticia\/wp-json\/wp\/v2\/tags?post=16277"}],"curies":[{"name":"wp","href":"https:\/\/api.w.org\/{rel}","templated":true}]}}