{"id":162770,"date":"2018-12-18T23:54:00","date_gmt":"2018-12-19T01:54:00","guid":{"rendered":"https:\/\/www.redenoticia.com.br\/noticia\/?p=162770"},"modified":"2018-12-18T22:33:28","modified_gmt":"2018-12-19T00:33:28","slug":"iq-usp-tem-processo-seletivo-para-pos-graduacao-em-bioquimica","status":"publish","type":"post","link":"https:\/\/migracao.redenoticia.com.br\/noticia\/2018\/iq-usp-tem-processo-seletivo-para-pos-graduacao-em-bioquimica\/162770","title":{"rendered":"IQ-USP tem processo seletivo para p\u00f3s-gradua\u00e7\u00e3o em Bioqu\u00edmica"},"content":{"rendered":"<p> Ag\u00eancia FAPESP\u00a0\u2013 O processo seletivo da p\u00f3s-gradua\u00e7\u00e3o no Departamento de Bioqu\u00edmica do Instituto de Qu\u00edmica (IQ) da Universidade de S\u00e3o Paulo (USP) est\u00e1 com inscri\u00e7\u00f5es abertas at\u00e9 4 de janeiro de 2019 para os <strong><em>cursos de mestrado, doutorado e doutorado direto<\/em><\/strong>. Os candidatos selecionados estudar\u00e3o em \u00e1reas como Doen\u00e7as Humanas, Biologia de Processos Redox, Biologia Molecular e Celular, Plantas, Bioenergia, Gen\u00f4mica, Prote\u00f4mica e Bioinform\u00e1tica. Est\u00e3o dispon\u00edveis 100 vagas.<\/p>\n<p>As inscri\u00e7\u00f5es ser\u00e3o aceitas exclusivamente pelo\u00a0. Os documentos exigidos para inscri\u00e7\u00e3o s\u00e3o c\u00f3pias dos seguintes documentos: c\u00e9dula de identidade, CPF, t\u00edtulo de eleitor, certificado militar (para os homens), certid\u00e3o de nascimento ou da certid\u00e3o de casamento, hist\u00f3rico de gradua\u00e7\u00e3o, diploma e aceite do orientador, al\u00e9m de uma foto 3&#215;4. Os candidatos a doutorado precisam mostrar tamb\u00e9m c\u00f3pia do hist\u00f3rico escolar de mestrado, diploma de mestrado, exemplar da disserta\u00e7\u00e3o e c\u00f3pia do parecer da avalia\u00e7\u00e3o da Capes do per\u00edodo do mestrado.<\/p>\n<p>O exame de sele\u00e7\u00e3o para ingresso no curso do Programa de P\u00f3s-Gradua\u00e7\u00e3o em Bioqu\u00edmica \u00e9 constitu\u00eddo de uma fase e ser\u00e1 realizado no dia 4 de fevereiro, no IQ-USP, na av. Prof. Lineu Prestes, 748, Cidade Universit\u00e1ria, S\u00e3o Paulo, das 9h \u00e0s 13h. A prova ser\u00e1 escrita sobre conhecimentos gerais de Bioqu\u00edmica. Ser\u00e3o considerados aprovados os candidatos com nota igual ou superior a cinco.<\/p>\n<p>Mais informa\u00e7\u00f5es:\u00a0.<\/p>\n<p>http:\/\/agencia.fapesp.br\/noticias\/<\/p>\n","protected":false},"excerpt":{"rendered":"<p>Ag\u00eancia FAPESP\u00a0\u2013 O processo seletivo da p\u00f3s-gradua\u00e7\u00e3o no Departamento de Bioqu\u00edmica do Instituto de Qu\u00edmica (IQ) da Universidade de S\u00e3o Paulo (USP) est\u00e1 com inscri\u00e7\u00f5es abertas at\u00e9 4 de janeiro de 2019 para os cursos de mestrado, doutorado e doutorado direto. Os candidatos selecionados estudar\u00e3o em \u00e1reas como Doen\u00e7as Humanas, Biologia de Processos Redox, Biologia [&hellip;]<\/p>\n","protected":false},"author":2,"featured_media":148571,"comment_status":"open","ping_status":"closed","sticky":false,"template":"","format":"standard","meta":{"tdm_status":"","tdm_grid_status":"","footnotes":""},"categories":[370,353],"tags":[],"class_list":{"0":"post-162770","1":"post","2":"type-post","3":"status-publish","4":"format-standard","5":"has-post-thumbnail","7":"category-inscricao","8":"category-oportunidades"},"_links":{"self":[{"href":"https:\/\/migracao.redenoticia.com.br\/noticia\/wp-json\/wp\/v2\/posts\/162770","targetHints":{"allow":["GET"]}}],"collection":[{"href":"https:\/\/migracao.redenoticia.com.br\/noticia\/wp-json\/wp\/v2\/posts"}],"about":[{"href":"https:\/\/migracao.redenoticia.com.br\/noticia\/wp-json\/wp\/v2\/types\/post"}],"author":[{"embeddable":true,"href":"https:\/\/migracao.redenoticia.com.br\/noticia\/wp-json\/wp\/v2\/users\/2"}],"replies":[{"embeddable":true,"href":"https:\/\/migracao.redenoticia.com.br\/noticia\/wp-json\/wp\/v2\/comments?post=162770"}],"version-history":[{"count":0,"href":"https:\/\/migracao.redenoticia.com.br\/noticia\/wp-json\/wp\/v2\/posts\/162770\/revisions"}],"wp:featuredmedia":[{"embeddable":true,"href":"https:\/\/migracao.redenoticia.com.br\/noticia\/wp-json\/wp\/v2\/media\/148571"}],"wp:attachment":[{"href":"https:\/\/migracao.redenoticia.com.br\/noticia\/wp-json\/wp\/v2\/media?parent=162770"}],"wp:term":[{"taxonomy":"category","embeddable":true,"href":"https:\/\/migracao.redenoticia.com.br\/noticia\/wp-json\/wp\/v2\/categories?post=162770"},{"taxonomy":"post_tag","embeddable":true,"href":"https:\/\/migracao.redenoticia.com.br\/noticia\/wp-json\/wp\/v2\/tags?post=162770"}],"curies":[{"name":"wp","href":"https:\/\/api.w.org\/{rel}","templated":true}]}}