{"id":1629,"date":"2009-05-14T17:16:23","date_gmt":"2009-05-14T21:16:23","guid":{"rendered":"http:\/\/www.redenoticia.com.br\/noticia\/?p=1629"},"modified":"2009-05-14T17:16:23","modified_gmt":"2009-05-14T21:16:23","slug":"ocorrencias-de-casos-humanos-de-influenza-a-h1n1-2","status":"publish","type":"post","link":"https:\/\/migracao.redenoticia.com.br\/noticia\/2009\/ocorrencias-de-casos-humanos-de-influenza-a-h1n1-2\/1629","title":{"rendered":"Ocorr\u00eancias de casos humanos de influenza A (H1N1)"},"content":{"rendered":"<p align=\"center\"><strong><span style=\"font-family: Arial; font-size: small;\"><span>Quinta-feira, 14\/5\/2009, \u00e0s\u00a0<span style=\"text-decoration: underline;\">13h<\/span><\/span><\/span><\/strong><span style=\"text-decoration: underline;\"><span style=\"font-family: Arial;\"><\/span><\/span><\/p>\n<p align=\"center\"><span style=\"font-family: Arial; font-size: x-small;\"><span><span>1.<span style=\"font-family: 'Times New Roman'; font-size: xx-small;\"><span>\u00a0\u00a0\u00a0\u00a0\u00a0\u00a0<\/span><\/span><\/span><\/span><\/span><span style=\"font-family: Arial; font-size: x-small;\"><span>O Minist\u00e9rio da Sa\u00fade acompanha\u00a0<strong><strong><span style=\"font-family: Arial;\"><span>38 CASOS SUSPEITOS<\/span><\/span><\/strong><\/strong>\u00a0de Influenza A (H1N1) no pa\u00eds. As amostras com secre\u00e7\u00f5es respirat\u00f3rias desses pacientes est\u00e3o em an\u00e1lise laboratorial.<\/span><\/span><\/p>\n<p><span style=\"font-family: Arial; font-size: x-small;\"><span>\u00a0<\/span><\/span><\/p>\n<p><span style=\"font-family: Arial; font-size: x-small;\"><span><span>2.<span style=\"font-family: 'Times New Roman'; font-size: xx-small;\"><span>\u00a0\u00a0\u00a0\u00a0\u00a0\u00a0<\/span><\/span><\/span><\/span><\/span><span style=\"font-family: Arial; font-size: x-small;\"><span>Os casos suspeitos est\u00e3o nos estados de Minas Gerais (7), Rio de Janeiro, (7), Distrito Federal (5), Pernambuco (5), S\u00e3o Paulo (5), Alagoas (2), Goi\u00e1s (2), Cear\u00e1 (1), Par\u00e1 (1), Piau\u00ed (1), Rio Grande do Sul (1) e Rond\u00f4nia (1).<\/span><\/span><\/p>\n<p><span style=\"font-family: Arial; font-size: x-small;\"><span>\u00a0<\/span><\/span><\/p>\n<p><span style=\"font-family: Arial; font-size: x-small;\"><span><span>3.<span style=\"font-family: 'Times New Roman'; font-size: xx-small;\"><span>\u00a0\u00a0\u00a0\u00a0\u00a0\u00a0<\/span><\/span><\/span><\/span><\/span><span style=\"font-family: Arial; font-size: x-small;\"><span>Al\u00e9m disso,\u00a0<strong><span>24\u00a0<\/span><strong><strong><span style=\"font-family: Arial;\"><span>CASOS<\/span><\/span><\/strong><\/strong><\/strong>\u00a0<strong><strong><span style=\"font-family: Arial;\"><span>est\u00e3o EM MONITORAMENTO,\u00a0<\/span><\/span><\/strong><\/strong><strong><strong><span style=\"font-family: Arial;\"><span>em sete estados e no Distrito Federal;<\/span><\/span><\/strong><\/strong><strong><strong><span style=\"font-family: Arial;\"><span>\u00a0e 217 foram DESCARTADOS<\/span><\/span><\/strong><\/strong>\u00a0(<em><em><span style=\"font-family: Arial;\"><span>veja tabela abaixo)<\/span><\/span><\/em><\/em>.<\/span><\/span><\/p>\n<p><span style=\"font-family: Arial; font-size: x-small;\"><span>\u00a0<\/span><\/span><\/p>\n<p><span style=\"font-family: Arial; font-size: x-small;\"><span><span>4.<span style=\"font-family: 'Times New Roman'; font-size: xx-small;\"><span>\u00a0\u00a0\u00a0\u00a0\u00a0\u00a0<\/span><\/span><\/span><\/span><\/span><span style=\"font-family: Arial; font-size: x-small;\"><span>Os n\u00fameros referem-se a informa\u00e7\u00f5es repassadas pelas Secretarias Estaduais de Sa\u00fade at\u00e9 as\u00a0<strong><span>9h30 desta quinta-feira. TODOS OS CASOS IDENTIFICADOS AP\u00d3S ESSE HOR\u00c1RIO SER\u00c3O CONTABILIZADOS NO DOCUMENTO DO DIA SEGUINTE.<\/span><\/strong><\/span><\/span><\/p>\n<p><span style=\"font-family: Arial; font-size: x-small;\"><span>\u00a0<\/span><\/span><\/p>\n<p><span style=\"font-family: Arial; font-size: x-small;\"><span><span>5.<span style=\"font-family: 'Times New Roman'; font-size: xx-small;\"><span>\u00a0\u00a0\u00a0\u00a0\u00a0\u00a0<\/span><\/span><\/span><\/span><\/span><span style=\"font-family: Arial; font-size: x-small;\"><span>At\u00e9 o momento, foram confirmados oito casos da doen\u00e7a, nos estados do Rio de Janeiro (3), S\u00e3o Paulo (2), Minas Gerais (1), Rio Grande do Sul (1) e Santa Catarina (1). Para todos os casos, est\u00e3o sendo realizados busca ativa e monitoramento de todas\u00a0as pessoas que estabeleceram contato pr\u00f3ximo com esses pacientes.<\/span><\/span><\/p>\n<p><span style=\"font-family: Arial; font-size: x-small;\"><span>\u00a0<\/span><\/span><\/p>\n<p><span style=\"font-family: Arial; font-size: x-small;\"><span><span>6.<span style=\"font-family: 'Times New Roman'; font-size: xx-small;\"><span>\u00a0\u00a0\u00a0\u00a0\u00a0\u00a0<\/span><\/span><\/span><\/span><\/span><span style=\"font-family: Arial; font-size: x-small;\"><span>Nesta quarta-feira (13\/5), foram descartados 34 casos que tiveram exames laboratoriais com resultado negativo. Os testes foram realizados nos tr\u00eas laborat\u00f3rios de refer\u00eancia do Minist\u00e9rio da Sa\u00fade: Funda\u00e7\u00e3o Oswaldo Cruz, no Rio de Janeiro; do Instituto Adolf Lutz, em S\u00e3o Paulo; e do Instituto Evandro Chagas, em Bel\u00e9m (PA).<\/span><\/span><\/p>\n","protected":false},"excerpt":{"rendered":"<p>Quinta-feira, 14\/5\/2009, \u00e0s\u00a013h 1.\u00a0\u00a0\u00a0\u00a0\u00a0\u00a0O Minist\u00e9rio da Sa\u00fade acompanha\u00a038 CASOS SUSPEITOS\u00a0de Influenza A (H1N1) no pa\u00eds. As amostras com secre\u00e7\u00f5es respirat\u00f3rias desses pacientes est\u00e3o em an\u00e1lise laboratorial. \u00a0 2.\u00a0\u00a0\u00a0\u00a0\u00a0\u00a0Os casos suspeitos est\u00e3o nos estados de Minas Gerais (7), Rio de Janeiro, (7), Distrito Federal (5), Pernambuco (5), S\u00e3o Paulo (5), Alagoas (2), Goi\u00e1s (2), Cear\u00e1 (1), [&hellip;]<\/p>\n","protected":false},"author":2,"featured_media":0,"comment_status":"open","ping_status":"open","sticky":false,"template":"","format":"standard","meta":{"tdm_status":"","tdm_grid_status":"","footnotes":""},"categories":[5],"tags":[],"class_list":{"0":"post-1629","1":"post","2":"type-post","3":"status-publish","4":"format-standard","6":"category-saude-e-vida"},"_links":{"self":[{"href":"https:\/\/migracao.redenoticia.com.br\/noticia\/wp-json\/wp\/v2\/posts\/1629","targetHints":{"allow":["GET"]}}],"collection":[{"href":"https:\/\/migracao.redenoticia.com.br\/noticia\/wp-json\/wp\/v2\/posts"}],"about":[{"href":"https:\/\/migracao.redenoticia.com.br\/noticia\/wp-json\/wp\/v2\/types\/post"}],"author":[{"embeddable":true,"href":"https:\/\/migracao.redenoticia.com.br\/noticia\/wp-json\/wp\/v2\/users\/2"}],"replies":[{"embeddable":true,"href":"https:\/\/migracao.redenoticia.com.br\/noticia\/wp-json\/wp\/v2\/comments?post=1629"}],"version-history":[{"count":0,"href":"https:\/\/migracao.redenoticia.com.br\/noticia\/wp-json\/wp\/v2\/posts\/1629\/revisions"}],"wp:attachment":[{"href":"https:\/\/migracao.redenoticia.com.br\/noticia\/wp-json\/wp\/v2\/media?parent=1629"}],"wp:term":[{"taxonomy":"category","embeddable":true,"href":"https:\/\/migracao.redenoticia.com.br\/noticia\/wp-json\/wp\/v2\/categories?post=1629"},{"taxonomy":"post_tag","embeddable":true,"href":"https:\/\/migracao.redenoticia.com.br\/noticia\/wp-json\/wp\/v2\/tags?post=1629"}],"curies":[{"name":"wp","href":"https:\/\/api.w.org\/{rel}","templated":true}]}}