{"id":1635,"date":"2009-05-14T17:23:43","date_gmt":"2009-05-14T21:23:43","guid":{"rendered":"http:\/\/www.redenoticia.com.br\/noticia\/?p=1635"},"modified":"2009-05-14T17:23:43","modified_gmt":"2009-05-14T21:23:43","slug":"minuto-de-silencio-contra-o-abuso-e-exploracao-sexual-de-criancas-e-adolescentes","status":"publish","type":"post","link":"https:\/\/migracao.redenoticia.com.br\/noticia\/2009\/minuto-de-silencio-contra-o-abuso-e-exploracao-sexual-de-criancas-e-adolescentes\/1635","title":{"rendered":"Minuto de silencio contra o Abuso e Explora\u00e7\u00e3o Sexual de Crian\u00e7as e Adolescentes"},"content":{"rendered":"<p align=\"justify\"><span style=\"font-family: Calibri; font-size: small;\">O Programa de Enfrentamento ao Abuso e Explora\u00e7\u00e3o Sexual de Crian\u00e7as e Adolescentes, ter\u00e1 seu ponto alto no pr\u00f3ximo dia 18, quando ser\u00e1 feito um minuto de sil\u00eancio para conscientiza\u00e7\u00e3o da popula\u00e7\u00e3o quanto \u00e0 gravidade deste problema. H\u00e9lem Machado de Almeida, psic\u00f3loga da Secretaria Municipal de A\u00e7\u00e3o Social (SEMAS) convida toda a popula\u00e7\u00e3o a se integrar ao programa e participar deste protesto.<\/span><\/p>\n<p align=\"justify\"><span style=\"font-family: Calibri; font-size: small;\">Amanh\u00e3, sexta-feira, haver\u00e1 um pit stop no centro da cidade do Primeiro Distrito, em frente a Brasil Telecom, \u00e0s 8h30, para distribui\u00e7\u00e3o de cartilhas e adesivos. O minuto de sil\u00eancio acontecer\u00e1 na segunda-feira, \u00e0s 10h30.<\/span><\/p>\n","protected":false},"excerpt":{"rendered":"<p>O Programa de Enfrentamento ao Abuso e Explora\u00e7\u00e3o Sexual de Crian\u00e7as e Adolescentes, ter\u00e1 seu ponto alto no pr\u00f3ximo dia 18, quando ser\u00e1 feito um minuto de sil\u00eancio para conscientiza\u00e7\u00e3o da popula\u00e7\u00e3o quanto \u00e0 gravidade deste problema. H\u00e9lem Machado de Almeida, psic\u00f3loga da Secretaria Municipal de A\u00e7\u00e3o Social (SEMAS) convida toda a popula\u00e7\u00e3o a se [&hellip;]<\/p>\n","protected":false},"author":2,"featured_media":0,"comment_status":"open","ping_status":"open","sticky":false,"template":"","format":"standard","meta":{"tdm_status":"","tdm_grid_status":"","footnotes":""},"categories":[22],"tags":[],"class_list":{"0":"post-1635","1":"post","2":"type-post","3":"status-publish","4":"format-standard","6":"category-brasil"},"_links":{"self":[{"href":"https:\/\/migracao.redenoticia.com.br\/noticia\/wp-json\/wp\/v2\/posts\/1635","targetHints":{"allow":["GET"]}}],"collection":[{"href":"https:\/\/migracao.redenoticia.com.br\/noticia\/wp-json\/wp\/v2\/posts"}],"about":[{"href":"https:\/\/migracao.redenoticia.com.br\/noticia\/wp-json\/wp\/v2\/types\/post"}],"author":[{"embeddable":true,"href":"https:\/\/migracao.redenoticia.com.br\/noticia\/wp-json\/wp\/v2\/users\/2"}],"replies":[{"embeddable":true,"href":"https:\/\/migracao.redenoticia.com.br\/noticia\/wp-json\/wp\/v2\/comments?post=1635"}],"version-history":[{"count":0,"href":"https:\/\/migracao.redenoticia.com.br\/noticia\/wp-json\/wp\/v2\/posts\/1635\/revisions"}],"wp:attachment":[{"href":"https:\/\/migracao.redenoticia.com.br\/noticia\/wp-json\/wp\/v2\/media?parent=1635"}],"wp:term":[{"taxonomy":"category","embeddable":true,"href":"https:\/\/migracao.redenoticia.com.br\/noticia\/wp-json\/wp\/v2\/categories?post=1635"},{"taxonomy":"post_tag","embeddable":true,"href":"https:\/\/migracao.redenoticia.com.br\/noticia\/wp-json\/wp\/v2\/tags?post=1635"}],"curies":[{"name":"wp","href":"https:\/\/api.w.org\/{rel}","templated":true}]}}