{"id":163613,"date":"2019-01-16T13:20:10","date_gmt":"2019-01-16T15:20:10","guid":{"rendered":"https:\/\/www.redenoticia.com.br\/noticia\/?p=163613"},"modified":"2019-01-16T13:24:19","modified_gmt":"2019-01-16T15:24:19","slug":"novela-o-setimo-guardiao-sampaio-atropela-leon-mas-o-gato-ressuscita","status":"publish","type":"post","link":"https:\/\/migracao.redenoticia.com.br\/noticia\/2019\/novela-o-setimo-guardiao-sampaio-atropela-leon-mas-o-gato-ressuscita\/163613","title":{"rendered":"Novela &#8220;O S\u00e9timo Guardi\u00e3o\u201d: Sampaio atropela Le\u00f3n,  mas o gato ressuscita"},"content":{"rendered":"<p><img loading=\"lazy\" decoding=\"async\" class=\"aligncenter size-large wp-image-154959\" src=\"https:\/\/migracao.redenoticia.com.br\/noticia\/imagens\/o-setimo-guardiao-112-277x300.jpg\" alt=\"\" width=\"277\" height=\"300\" srcset=\"https:\/\/migracao.redenoticia.com.br\/noticia\/imagens\/o-setimo-guardiao-112-277x300.jpg 277w, https:\/\/migracao.redenoticia.com.br\/noticia\/imagens\/o-setimo-guardiao-112-172x187.jpg 172w, https:\/\/migracao.redenoticia.com.br\/noticia\/imagens\/o-setimo-guardiao-112-138x150.jpg 138w, https:\/\/migracao.redenoticia.com.br\/noticia\/imagens\/o-setimo-guardiao-112.jpg 544w\" sizes=\"auto, (max-width: 277px) 100vw, 277px\" \/><strong><em>Novela &#8220;O S\u00e9timo Guardi\u00e3o\u201d:<\/em><\/strong> Neide (Viviane Ara\u00fajo) v\u00ea Sampaio (Marcelo Novaes) atropelar e matar Le\u00f3n. Ela leva o gato morto para Judith (Isabel Garcia) e Gabriel (Bruno Gagliasso). Depois que Neide sai, Eles mergulham o gato na fonte. Le\u00f3n ressuscita e Judith conta para Gabriel que a a?gua na?o tem efeito nos guardi\u00f5es.<\/p>\n<p>Dias depois, Neide v\u00ea Le\u00f3n, questiona Judith e a governanta afirma que o curou com ervas. Cena prevista para dia 15 de janeiro na novela \u201cO S\u00e9timo Guardi\u00e3o\u201d.<\/p>\n<p>Destaques<\/p>\n<p>Sinopse \u201cO S\u00e9timo Guardi\u00e3o\u201d: \u00c0 primeira vista, Serro Azul pode parecer apenas mais uma t\u00edpica cidade do interior, pacata e cercada por montanhas, onde avan\u00e7os tecnol\u00f3gicos como internet e telefonia celular ainda n\u00e3o chegaram. Um lugar pelo qual quem passa n\u00e3o d\u00e1 muita aten\u00e7\u00e3o, sem saber o que est\u00e1 perdendo, afinal, uma cidade que \u00e9 vizinha de Greenville e Tubiancanga n\u00e3o poderia deixar de ter suas peculiaridades. A principal delas \u00e9 uma fonte com propriedades curativas e rejuvenescedoras, que \u00e9 a parte mais externa de um gigantesco aqu\u00edfero, uma enorme reserva daquilo que a cada dia se torna o bem mais precioso da Terra: a \u00e1gua. Essa fonte \u00e9 protegida por sete guardi\u00e3es que t\u00eam como miss\u00e3o garantir que essa riqueza n\u00e3o chegue \u00e0s m\u00e3os erradas.<\/p>\n","protected":false},"excerpt":{"rendered":"<p>Novela &#8220;O S\u00e9timo Guardi\u00e3o\u201d: Neide (Viviane Ara\u00fajo) v\u00ea Sampaio (Marcelo Novaes) atropelar e matar Le\u00f3n. Ela leva o gato morto para Judith (Isabel Garcia) e Gabriel (Bruno Gagliasso). Depois que Neide sai, Eles mergulham o gato na fonte. Le\u00f3n ressuscita e Judith conta para Gabriel que a a?gua na?o tem efeito nos guardi\u00f5es. Dias depois, [&hellip;]<\/p>\n","protected":false},"author":2,"featured_media":159065,"comment_status":"open","ping_status":"closed","sticky":false,"template":"","format":"standard","meta":{"tdm_status":"","tdm_grid_status":"","footnotes":""},"categories":[388,379,530,375,343],"tags":[440],"class_list":{"0":"post-163613","1":"post","2":"type-post","3":"status-publish","4":"format-standard","5":"has-post-thumbnail","7":"category-destaques","8":"category-novelas","9":"category-o-setimo-guardiao","10":"category-rede-globo","11":"category-televisao","12":"tag-noticia-novela"},"_links":{"self":[{"href":"https:\/\/migracao.redenoticia.com.br\/noticia\/wp-json\/wp\/v2\/posts\/163613","targetHints":{"allow":["GET"]}}],"collection":[{"href":"https:\/\/migracao.redenoticia.com.br\/noticia\/wp-json\/wp\/v2\/posts"}],"about":[{"href":"https:\/\/migracao.redenoticia.com.br\/noticia\/wp-json\/wp\/v2\/types\/post"}],"author":[{"embeddable":true,"href":"https:\/\/migracao.redenoticia.com.br\/noticia\/wp-json\/wp\/v2\/users\/2"}],"replies":[{"embeddable":true,"href":"https:\/\/migracao.redenoticia.com.br\/noticia\/wp-json\/wp\/v2\/comments?post=163613"}],"version-history":[{"count":0,"href":"https:\/\/migracao.redenoticia.com.br\/noticia\/wp-json\/wp\/v2\/posts\/163613\/revisions"}],"wp:featuredmedia":[{"embeddable":true,"href":"https:\/\/migracao.redenoticia.com.br\/noticia\/wp-json\/wp\/v2\/media\/159065"}],"wp:attachment":[{"href":"https:\/\/migracao.redenoticia.com.br\/noticia\/wp-json\/wp\/v2\/media?parent=163613"}],"wp:term":[{"taxonomy":"category","embeddable":true,"href":"https:\/\/migracao.redenoticia.com.br\/noticia\/wp-json\/wp\/v2\/categories?post=163613"},{"taxonomy":"post_tag","embeddable":true,"href":"https:\/\/migracao.redenoticia.com.br\/noticia\/wp-json\/wp\/v2\/tags?post=163613"}],"curies":[{"name":"wp","href":"https:\/\/api.w.org\/{rel}","templated":true}]}}