{"id":163770,"date":"2019-01-17T14:35:05","date_gmt":"2019-01-17T16:35:05","guid":{"rendered":"https:\/\/www.redenoticia.com.br\/noticia\/?p=163770"},"modified":"2019-01-18T22:49:54","modified_gmt":"2019-01-19T00:49:54","slug":"novela-o-tempo-nao-para-herberto-planeja-vinganca-cruel-contra-mariacarla","status":"publish","type":"post","link":"https:\/\/migracao.redenoticia.com.br\/noticia\/2019\/novela-o-tempo-nao-para-herberto-planeja-vinganca-cruel-contra-mariacarla\/163770","title":{"rendered":"Novela \u201cO Tempo N\u00e3o Para\u201d: Herberto planeja vingan\u00e7a cruel contra Mariacarla"},"content":{"rendered":"<p><img loading=\"lazy\" decoding=\"async\" src=\"https:\/\/migracao.redenoticia.com.br\/noticia\/imagens\/o-tempo-nao-para-resumo-novela-33-400x225.jpg\" alt=\"\" width=\"400\" height=\"225\" class=\"aligncenter size-large wp-image-149486\" srcset=\"https:\/\/migracao.redenoticia.com.br\/noticia\/imagens\/o-tempo-nao-para-resumo-novela-33-400x225.jpg 400w, https:\/\/migracao.redenoticia.com.br\/noticia\/imagens\/o-tempo-nao-para-resumo-novela-33-250x141.jpg 250w, https:\/\/migracao.redenoticia.com.br\/noticia\/imagens\/o-tempo-nao-para-resumo-novela-33-150x84.jpg 150w, https:\/\/migracao.redenoticia.com.br\/noticia\/imagens\/o-tempo-nao-para-resumo-novela-33.jpg 640w\" sizes=\"auto, (max-width: 400px) 100vw, 400px\" \/><strong><em>Novela \u201cO Tempo N\u00e3o Para\u201d:<\/em><\/strong> Mariacarla (Regiane Alves) tentou matar Herberto (Claudio Mendes), mas o cientista n\u00e3o morreu afogado. L\u00facio (Jo\u00e3o Baldasserini) o procura e oferece um servi\u00e7o. Herberto o questiona sobre o trabalho: &#8220;Enta?o voce? quer que eu manipule o vi?rus descoberto pela doutora Petra (Eva Wilma)? &#8230; No?s conhecemos apenas a cepa desse vi?rus, que e? mutante, pode ficar descontrolado. Nem a doutora Petra sabe direito como lidar com ele. O vi?rus pode causar uma epidemia&#8230; O senhor esta? me pagando pra eu cometer um crime e precisa estar ciente das conseque?ncias&#8221;.<\/p>\n<p>L\u00facio quer uma amostra do v\u00edrus que Petra encontrou no organismo de alguns dos ex-congelados. O v\u00edrus n\u00e3o tem cura e ele quer us\u00e1-los para matar seus inimigos. Herberto aceita a proposta: &#8220;Eu aceito fazer o que voce? ta? me pedindo&#8230; Pelo dinheiro, claro&#8230; Mas principalmente se me der outra recompensa&#8230; Eu quero a cabec?a da Mariacarla&#8221;. Cena prevista para 19 de janeiro na Novela \u201cO Tempo N\u00e3o Para\u201d. <\/p>\n<p>Destaques <\/p>\n<p>Sinopse \u201cO Tempo N\u00e3o Para\u201d: Anos de avan\u00e7os e descobertas que moldaram costumes, h\u00e1bitos e linguagens da sociedade contempor\u00e2nea v\u00e3o gerar um choque em uma abastada fam\u00edlia do s\u00e9culo XIX que desperta no s\u00e9culo XXI. Por 132 anos, os Sabino Machado e seus agregados ficaram congelados, dentro de um bloco de gelo, enquanto a vida l\u00e1 fora passava. Agora, v\u00e3o despertar em uma S\u00e3o Paulo pulsante e turbulenta e se deparar com a sociedade em pleno 2018. &#8220;O Tempo N\u00e3o Para&#8221;, nova novela das 7, \u00e9 escrita por Mario Teixeira e tem dire\u00e7\u00e3o art\u00edstica de Leonardo Nogueira. <\/p>\n","protected":false},"excerpt":{"rendered":"<p>Novela \u201cO Tempo N\u00e3o Para\u201d: Mariacarla (Regiane Alves) tentou matar Herberto (Claudio Mendes), mas o cientista n\u00e3o morreu afogado. L\u00facio (Jo\u00e3o Baldasserini) o procura e oferece um servi\u00e7o. Herberto o questiona sobre o trabalho: &#8220;Enta?o voce? quer que eu manipule o vi?rus descoberto pela doutora Petra (Eva Wilma)? &#8230; No?s conhecemos apenas a cepa desse [&hellip;]<\/p>\n","protected":false},"author":2,"featured_media":148135,"comment_status":"open","ping_status":"closed","sticky":false,"template":"","format":"standard","meta":{"tdm_status":"","tdm_grid_status":"","footnotes":""},"categories":[388,379,490,375,343],"tags":[440],"class_list":{"0":"post-163770","1":"post","2":"type-post","3":"status-publish","4":"format-standard","5":"has-post-thumbnail","7":"category-destaques","8":"category-novelas","9":"category-o-tempo-nao-para","10":"category-rede-globo","11":"category-televisao","12":"tag-noticia-novela"},"_links":{"self":[{"href":"https:\/\/migracao.redenoticia.com.br\/noticia\/wp-json\/wp\/v2\/posts\/163770","targetHints":{"allow":["GET"]}}],"collection":[{"href":"https:\/\/migracao.redenoticia.com.br\/noticia\/wp-json\/wp\/v2\/posts"}],"about":[{"href":"https:\/\/migracao.redenoticia.com.br\/noticia\/wp-json\/wp\/v2\/types\/post"}],"author":[{"embeddable":true,"href":"https:\/\/migracao.redenoticia.com.br\/noticia\/wp-json\/wp\/v2\/users\/2"}],"replies":[{"embeddable":true,"href":"https:\/\/migracao.redenoticia.com.br\/noticia\/wp-json\/wp\/v2\/comments?post=163770"}],"version-history":[{"count":0,"href":"https:\/\/migracao.redenoticia.com.br\/noticia\/wp-json\/wp\/v2\/posts\/163770\/revisions"}],"wp:featuredmedia":[{"embeddable":true,"href":"https:\/\/migracao.redenoticia.com.br\/noticia\/wp-json\/wp\/v2\/media\/148135"}],"wp:attachment":[{"href":"https:\/\/migracao.redenoticia.com.br\/noticia\/wp-json\/wp\/v2\/media?parent=163770"}],"wp:term":[{"taxonomy":"category","embeddable":true,"href":"https:\/\/migracao.redenoticia.com.br\/noticia\/wp-json\/wp\/v2\/categories?post=163770"},{"taxonomy":"post_tag","embeddable":true,"href":"https:\/\/migracao.redenoticia.com.br\/noticia\/wp-json\/wp\/v2\/tags?post=163770"}],"curies":[{"name":"wp","href":"https:\/\/api.w.org\/{rel}","templated":true}]}}