{"id":1638,"date":"2009-05-14T17:35:46","date_gmt":"2009-05-14T21:35:46","guid":{"rendered":"http:\/\/www.redenoticia.com.br\/noticia\/?p=1638"},"modified":"2009-05-14T17:36:58","modified_gmt":"2009-05-14T21:36:58","slug":"lancada-a-24%c2%aa-edicao-da-exposicao-agropecuaria-de-vilhena-ro-expovil","status":"publish","type":"post","link":"https:\/\/migracao.redenoticia.com.br\/noticia\/2009\/lancada-a-24%c2%aa-edicao-da-exposicao-agropecuaria-de-vilhena-ro-expovil\/1638","title":{"rendered":"Lan\u00e7ada a 24\u00aa edi\u00e7\u00e3o da Exposi\u00e7\u00e3o Agropecu\u00e1ria de Vilhena -RO &#8211; (Expovil)"},"content":{"rendered":"<p>A 24\u00aa edi\u00e7\u00e3o da Exposi\u00e7\u00e3o Agropecu\u00e1ria de Vilhena (Expovil), munici\u00edpio a 750 km da capital, ser\u00e1 de 27 de junho a 5 de julho. O evento contar\u00e1 com programa\u00e7\u00e3o de shows, rodeios e sorteios no parque de exposi\u00e7\u00e3o.<\/p>\n<p>As novidades para 2009 s\u00e3o a nova arena e o sorteio de oito carros, sete caminhonetes e um Fiat Uno, al\u00e9m de cinco shows musicais.<\/p>\n<p>Segundo o presidente da Associa\u00e7\u00e3o Vilhenense dos Agropecuaristas (Aviagro), LL\u00e1rio Bodanse, nenhuma festa deu tantos pr\u00eamios como a Expovil em todo o estado.\u00a0<\/p>\n<p>A amplia\u00e7\u00e3o da arena de shows do Parque de Exposi\u00e7\u00f5es ficar\u00e1 pronta at\u00e9 o final de maio. Conforme Bodanse, o local ter\u00e1 mais de 100 camarotes com capacidade para mais de cinco mil pessoas nas arquibancadas e 15 mil na \u00e1rea de shows.\u00a0<\/p>\n<p><strong>Shows<\/strong><\/p>\n<p><strong> <\/strong><\/p>\n<p>Cinco shows v\u00e3o agitar os presentes no evento. O grupo S\u00f3 Mod\u00e3o, a dupla Neto &amp; Frederico, o cantor Marciano, a dupla Jo\u00e3o M\u00e1rcio &amp; Fabiano e uma atra\u00e7\u00e3o gospel a ser confirmada. O show gospel, marcado para o dia 29 de junho, ser\u00e1 de gra\u00e7a.<\/p>\n<p>A premia\u00e7\u00e3o para o campe\u00e3o da categoria Rodeio em cavalos ser\u00e1 uma moto e um carro 0 km para o ganhador da categoria Rodeio em touros.\u00a0<br \/>\nHaver\u00e1 transmiss\u00e3o, ao vivo, durante os quatro \u00faltimos dias do evento na TV Rodeio.\u00a0<\/p>\n<p>O ingresso para a festa custa R$ 65, R$ 7 por dia. Mais informa\u00e7\u00f5es pelo telefone: (69) 3321.3844.<\/p>\n<p>Cerca de 20 mil pessoas prestigiaram a festa em 2008 e 71 pe\u00f5es participaram do rodeio profissional e 50 do amador.\u00a0<\/p>\n<p>Fonte: Dalila Nogueira Pinto<\/p>\n","protected":false},"excerpt":{"rendered":"<p>A 24\u00aa edi\u00e7\u00e3o da Exposi\u00e7\u00e3o Agropecu\u00e1ria de Vilhena (Expovil), munici\u00edpio a 750 km da capital, ser\u00e1 de 27 de junho a 5 de julho. O evento contar\u00e1 com programa\u00e7\u00e3o de shows, rodeios e sorteios no parque de exposi\u00e7\u00e3o. As novidades para 2009 s\u00e3o a nova arena e o sorteio de oito carros, sete caminhonetes e [&hellip;]<\/p>\n","protected":false},"author":2,"featured_media":0,"comment_status":"open","ping_status":"open","sticky":false,"template":"","format":"standard","meta":{"tdm_status":"","tdm_grid_status":"","footnotes":""},"categories":[22],"tags":[],"class_list":{"0":"post-1638","1":"post","2":"type-post","3":"status-publish","4":"format-standard","6":"category-brasil"},"_links":{"self":[{"href":"https:\/\/migracao.redenoticia.com.br\/noticia\/wp-json\/wp\/v2\/posts\/1638","targetHints":{"allow":["GET"]}}],"collection":[{"href":"https:\/\/migracao.redenoticia.com.br\/noticia\/wp-json\/wp\/v2\/posts"}],"about":[{"href":"https:\/\/migracao.redenoticia.com.br\/noticia\/wp-json\/wp\/v2\/types\/post"}],"author":[{"embeddable":true,"href":"https:\/\/migracao.redenoticia.com.br\/noticia\/wp-json\/wp\/v2\/users\/2"}],"replies":[{"embeddable":true,"href":"https:\/\/migracao.redenoticia.com.br\/noticia\/wp-json\/wp\/v2\/comments?post=1638"}],"version-history":[{"count":0,"href":"https:\/\/migracao.redenoticia.com.br\/noticia\/wp-json\/wp\/v2\/posts\/1638\/revisions"}],"wp:attachment":[{"href":"https:\/\/migracao.redenoticia.com.br\/noticia\/wp-json\/wp\/v2\/media?parent=1638"}],"wp:term":[{"taxonomy":"category","embeddable":true,"href":"https:\/\/migracao.redenoticia.com.br\/noticia\/wp-json\/wp\/v2\/categories?post=1638"},{"taxonomy":"post_tag","embeddable":true,"href":"https:\/\/migracao.redenoticia.com.br\/noticia\/wp-json\/wp\/v2\/tags?post=1638"}],"curies":[{"name":"wp","href":"https:\/\/api.w.org\/{rel}","templated":true}]}}