{"id":163895,"date":"2018-12-29T19:14:18","date_gmt":"2018-12-29T21:14:18","guid":{"rendered":"https:\/\/www.redenoticia.com.br\/noticia\/?p=163895"},"modified":"2018-12-29T19:14:18","modified_gmt":"2018-12-29T21:14:18","slug":"bandeira-tarifaria-de-energia-eletrica-em-janeiro-sera-verde","status":"publish","type":"post","link":"https:\/\/migracao.redenoticia.com.br\/noticia\/2018\/bandeira-tarifaria-de-energia-eletrica-em-janeiro-sera-verde\/163895","title":{"rendered":"Bandeira tarif\u00e1ria de energia el\u00e9trica em janeiro ser\u00e1 verde"},"content":{"rendered":"<p> A <strong><em>bandeira tarif\u00e1ria<\/em><\/strong> para janeiro de 2019 ser\u00e1 verde, sem custo adicional para os consumidores. Segundo a Ag\u00eancia Nacional de Energia El\u00e9trica (Aneel), a esta\u00e7\u00e3o chuvosa est\u00e1 propiciando eleva\u00e7\u00e3o da produ\u00e7\u00e3o de energia pelas usinas hidrel\u00e9tricas e do n\u00edvel dos reservat\u00f3rios.<\/p>\n<p>Em dezembro, a bandeira tarif\u00e1ria tamb\u00e9m foi verde. <\/p>\n<p>O sistema de bandeiras tarif\u00e1rias foi criado para sinalizar aos consumidores os custos reais da gera\u00e7\u00e3o de energia el\u00e9trica. A ado\u00e7\u00e3o de cada bandeira, nas cores verde (sem cobran\u00e7a extra), amarela e vermelha (patamar 1 e 2), est\u00e1 relacionada aos custos da gera\u00e7\u00e3o de energia el\u00e9trica. <\/p>\n<p>A Aneel alerta que, mesmo com a bandeira verde, \u00e9 importante manter as a\u00e7\u00f5es relacionadas ao uso consciente e combate ao desperd\u00edcio de energia el\u00e9trica.<\/p>\n<p>Por Ag\u00eancia Brasil<br \/>\nEdi\u00e7\u00e3o: Sabrina Craide<br \/>\nhttp:\/\/agenciabrasil.ebc.com.br\/economia<\/p>\n","protected":false},"excerpt":{"rendered":"<p>A bandeira tarif\u00e1ria para janeiro de 2019 ser\u00e1 verde, sem custo adicional para os consumidores. Segundo a Ag\u00eancia Nacional de Energia El\u00e9trica (Aneel), a esta\u00e7\u00e3o chuvosa est\u00e1 propiciando eleva\u00e7\u00e3o da produ\u00e7\u00e3o de energia pelas usinas hidrel\u00e9tricas e do n\u00edvel dos reservat\u00f3rios. Em dezembro, a bandeira tarif\u00e1ria tamb\u00e9m foi verde. O sistema de bandeiras tarif\u00e1rias foi [&hellip;]<\/p>\n","protected":false},"author":2,"featured_media":148302,"comment_status":"open","ping_status":"closed","sticky":false,"template":"","format":"standard","meta":{"tdm_status":"","tdm_grid_status":"","footnotes":""},"categories":[22,388,7],"tags":[],"class_list":{"0":"post-163895","1":"post","2":"type-post","3":"status-publish","4":"format-standard","5":"has-post-thumbnail","7":"category-brasil","8":"category-destaques","9":"category-economia"},"_links":{"self":[{"href":"https:\/\/migracao.redenoticia.com.br\/noticia\/wp-json\/wp\/v2\/posts\/163895","targetHints":{"allow":["GET"]}}],"collection":[{"href":"https:\/\/migracao.redenoticia.com.br\/noticia\/wp-json\/wp\/v2\/posts"}],"about":[{"href":"https:\/\/migracao.redenoticia.com.br\/noticia\/wp-json\/wp\/v2\/types\/post"}],"author":[{"embeddable":true,"href":"https:\/\/migracao.redenoticia.com.br\/noticia\/wp-json\/wp\/v2\/users\/2"}],"replies":[{"embeddable":true,"href":"https:\/\/migracao.redenoticia.com.br\/noticia\/wp-json\/wp\/v2\/comments?post=163895"}],"version-history":[{"count":0,"href":"https:\/\/migracao.redenoticia.com.br\/noticia\/wp-json\/wp\/v2\/posts\/163895\/revisions"}],"wp:featuredmedia":[{"embeddable":true,"href":"https:\/\/migracao.redenoticia.com.br\/noticia\/wp-json\/wp\/v2\/media\/148302"}],"wp:attachment":[{"href":"https:\/\/migracao.redenoticia.com.br\/noticia\/wp-json\/wp\/v2\/media?parent=163895"}],"wp:term":[{"taxonomy":"category","embeddable":true,"href":"https:\/\/migracao.redenoticia.com.br\/noticia\/wp-json\/wp\/v2\/categories?post=163895"},{"taxonomy":"post_tag","embeddable":true,"href":"https:\/\/migracao.redenoticia.com.br\/noticia\/wp-json\/wp\/v2\/tags?post=163895"}],"curies":[{"name":"wp","href":"https:\/\/api.w.org\/{rel}","templated":true}]}}