{"id":163944,"date":"2018-12-30T22:39:58","date_gmt":"2018-12-31T00:39:58","guid":{"rendered":"https:\/\/www.redenoticia.com.br\/noticia\/?p=163944"},"modified":"2019-01-07T02:59:04","modified_gmt":"2019-01-07T04:59:04","slug":"novela-belissima-gilberto-pressiona-medeiros","status":"publish","type":"post","link":"https:\/\/migracao.redenoticia.com.br\/noticia\/2018\/novela-belissima-gilberto-pressiona-medeiros\/163944","title":{"rendered":"Novela \u201cBel\u00edssima\u201d: Gilberto pressiona Medeiros"},"content":{"rendered":"<p><img loading=\"lazy\" decoding=\"async\" class=\"aligncenter size-large wp-image-148654\" src=\"https:\/\/migracao.redenoticia.com.br\/noticia\/imagens\/belissima-novela-resumo-400x227.jpg\" alt=\"\" width=\"400\" height=\"227\" srcset=\"https:\/\/migracao.redenoticia.com.br\/noticia\/imagens\/belissima-novela-resumo-400x227.jpg 400w, https:\/\/migracao.redenoticia.com.br\/noticia\/imagens\/belissima-novela-resumo-250x142.jpg 250w, https:\/\/migracao.redenoticia.com.br\/noticia\/imagens\/belissima-novela-resumo-150x85.jpg 150w, https:\/\/migracao.redenoticia.com.br\/noticia\/imagens\/belissima-novela-resumo.jpg 515w\" sizes=\"auto, (max-width: 400px) 100vw, 400px\" \/><strong><em>Novela \u201cBel\u00edssima\u201d:<\/em><\/strong> Gilberto (Marcos Palmeira) desconfia que Medeiros (\u00cdtalo Rossi) esteja envolvido nos crimes investigados na delegacia e chama o advogado para depor. Medeiros se mostra acuado e amedrontado com as perguntas incisivas, mas n\u00e3o diz nada que o comprometa. Gilberto busca informa\u00e7\u00f5es sobre as remessas de dinheiro \u00e0 Gr\u00e9cia feitas por Bia (Fernanda Montenegro) atrav\u00e9s dele. O delegado acredita que o advogado esteja envolvido, com a sua cliente, no suborno de testemunhas para incriminar Vit\u00f3ria (Claudia Abreu) pela morte de Pedro (Henri Castelli).<\/p>\n<p>O advogado declara que s\u00f3 responder\u00e1 a acusa\u00e7\u00e3o em ju\u00edzo, caso o delegado instaure um inqu\u00e9rito. Gilberto o questiona sobre o atentado contra ele e Vit\u00f3ria. Medeiros usa o direito de responder apenas em ju\u00edzo. Gilberto deixa o suspeito ir embora e afirma que n\u00e3o vai deix\u00e1-lo escapar. Cena prevista para janeiro na Novela \u201cBel\u00edssima\u201d.<\/p>\n<p>Destaques<\/p>\n<p>Sinopse &#8211; Simp\u00e1tica, bem-sucedida e discreta, J\u00falia Assump\u00e7\u00e3o \u00e9 presidente da Bel\u00edssima, refer\u00eancia mundial no setor de roupas \u00edntimas. Sua av\u00f3, Bia Falc\u00e3o, a pressiona para se tornar parecida com a m\u00e3e, Stella Assump\u00e7\u00e3o \u2013 que foi uma modelo bastante famosa, mito de beleza na d\u00e9cada de 1960. Fundadora da marca Bel\u00edssima, Stella morreu em um acidente de avi\u00e3o junto com seu marido, deixando \u00f3rf\u00e3os J\u00falia e Pedro. Desde ent\u00e3o, Bia Falc\u00e3o se tornou respons\u00e1vel pelos dois, tendo-os criado. At\u00e9 hoje tenta controlar a vida deles. Em casa, J\u00falia s\u00f3 encontra apoio no tio, Argemiro Falc\u00e3o, vulgo Gigi, e na governanta, Matilde. Bia faz de tudo para J\u00falia se sentir culpada pela morte dos pais.<\/p>\n<p>A vil\u00e3 far\u00e1 de tudo para acabar com os romances de Pedro com Vit\u00f3ria, uma ex- menina de rua que ele escolheu para ser sua esposa, com quem tem uma filha, e Vit\u00f3ria ser\u00e1 perseguida pela vil\u00e3 durante toda a trama, por\u00e9m, sem perder a fibra e a coragem; e de J\u00falia com Andr\u00e9 Santana. Este, apesar de n\u00e3o parecer inicialmente, \u00e9 um grande e terr\u00edvel vil\u00e3o, diab\u00f3lico e ambicioso, que almeja ser dono da Bel\u00edssima em conjunto com seu pai, Aquilino Santana, o seu Quiqui, que aparenta ser um bom velhinho, mas \u00e9, na verdade, um bandido da pior esp\u00e9cie, ex-matador de aluguel. Andr\u00e9 vai se envolver com J\u00falia e com a filha de J\u00falia, \u00c9rica, uma mulher f\u00fatil e perversa como a bisav\u00f3 Bia Falc\u00e3o. \u00c9rica \u00e9 aspirante a modelo.<\/p>\n","protected":false},"excerpt":{"rendered":"<p>Novela \u201cBel\u00edssima\u201d: Gilberto (Marcos Palmeira) desconfia que Medeiros (\u00cdtalo Rossi) esteja envolvido nos crimes investigados na delegacia e chama o advogado para depor. Medeiros se mostra acuado e amedrontado com as perguntas incisivas, mas n\u00e3o diz nada que o comprometa. Gilberto busca informa\u00e7\u00f5es sobre as remessas de dinheiro \u00e0 Gr\u00e9cia feitas por Bia (Fernanda Montenegro) [&hellip;]<\/p>\n","protected":false},"author":2,"featured_media":153839,"comment_status":"open","ping_status":"closed","sticky":false,"template":"","format":"standard","meta":{"tdm_status":"","tdm_grid_status":"","footnotes":""},"categories":[485,388,379,375,343],"tags":[440],"class_list":{"0":"post-163944","1":"post","2":"type-post","3":"status-publish","4":"format-standard","5":"has-post-thumbnail","7":"category-belissima","8":"category-destaques","9":"category-novelas","10":"category-rede-globo","11":"category-televisao","12":"tag-noticia-novela"},"_links":{"self":[{"href":"https:\/\/migracao.redenoticia.com.br\/noticia\/wp-json\/wp\/v2\/posts\/163944","targetHints":{"allow":["GET"]}}],"collection":[{"href":"https:\/\/migracao.redenoticia.com.br\/noticia\/wp-json\/wp\/v2\/posts"}],"about":[{"href":"https:\/\/migracao.redenoticia.com.br\/noticia\/wp-json\/wp\/v2\/types\/post"}],"author":[{"embeddable":true,"href":"https:\/\/migracao.redenoticia.com.br\/noticia\/wp-json\/wp\/v2\/users\/2"}],"replies":[{"embeddable":true,"href":"https:\/\/migracao.redenoticia.com.br\/noticia\/wp-json\/wp\/v2\/comments?post=163944"}],"version-history":[{"count":0,"href":"https:\/\/migracao.redenoticia.com.br\/noticia\/wp-json\/wp\/v2\/posts\/163944\/revisions"}],"wp:featuredmedia":[{"embeddable":true,"href":"https:\/\/migracao.redenoticia.com.br\/noticia\/wp-json\/wp\/v2\/media\/153839"}],"wp:attachment":[{"href":"https:\/\/migracao.redenoticia.com.br\/noticia\/wp-json\/wp\/v2\/media?parent=163944"}],"wp:term":[{"taxonomy":"category","embeddable":true,"href":"https:\/\/migracao.redenoticia.com.br\/noticia\/wp-json\/wp\/v2\/categories?post=163944"},{"taxonomy":"post_tag","embeddable":true,"href":"https:\/\/migracao.redenoticia.com.br\/noticia\/wp-json\/wp\/v2\/tags?post=163944"}],"curies":[{"name":"wp","href":"https:\/\/api.w.org\/{rel}","templated":true}]}}