{"id":163948,"date":"2018-12-30T22:42:40","date_gmt":"2018-12-31T00:42:40","guid":{"rendered":"https:\/\/www.redenoticia.com.br\/noticia\/?p=163948"},"modified":"2019-01-01T19:35:29","modified_gmt":"2019-01-01T21:35:29","slug":"novela-espelho-da-vida-danilo-apanha-muito-e-fica-desacordado","status":"publish","type":"post","link":"https:\/\/migracao.redenoticia.com.br\/noticia\/2018\/novela-espelho-da-vida-danilo-apanha-muito-e-fica-desacordado\/163948","title":{"rendered":"Novela \u201cEspelho da Vida\u201d: Danilo apanha muito e fica desacordado"},"content":{"rendered":"<p><img loading=\"lazy\" decoding=\"async\" src=\"https:\/\/migracao.redenoticia.com.br\/noticia\/imagens\/Espelho-da-Vida-novela-resumo-globo-400x229.jpg\" alt=\"\" width=\"400\" height=\"229\" class=\"aligncenter size-large wp-image-150110\" srcset=\"https:\/\/migracao.redenoticia.com.br\/noticia\/imagens\/Espelho-da-Vida-novela-resumo-globo-400x229.jpg 400w, https:\/\/migracao.redenoticia.com.br\/noticia\/imagens\/Espelho-da-Vida-novela-resumo-globo-250x143.jpg 250w, https:\/\/migracao.redenoticia.com.br\/noticia\/imagens\/Espelho-da-Vida-novela-resumo-globo-150x86.jpg 150w, https:\/\/migracao.redenoticia.com.br\/noticia\/imagens\/Espelho-da-Vida-novela-resumo-globo.jpg 649w\" sizes=\"auto, (max-width: 400px) 100vw, 400px\" \/><strong><em>Novela \u201cEspelho da Vida\u201d:<\/em><\/strong> Danilo (Rafael Cardoso) enfrenta Eug\u00eanio (Felipe Camargo) para tentar explicar a Julia (Vit\u00f3ria Strada) que ele n\u00e3o tem nada com Maristela (Let\u00edcia Persilles). Piedade (Julia Lemmertz) aparece e Danilo n\u00e3o revela que Eug\u00eanio \u00e9 o amante de Maristela e tem um filho bastardo. O jovem manda Eug\u00eanio contar \u00e0 filha a verdade, mas o coronel amea\u00e7a bater em Danilo. Gustavo Bruno (Jo\u00e3o Vicente de Castro) descobre que os dois brigaram e reune uns capangas. Eles usam m\u00e1scaras para n\u00e3o serem reconhecidos, encontram Danilo e um deles grita: &#8220;Olha so? o topete do galinho de briga. Quem vai sair daqui e? voce?, idiota. Ordem do coronel. A ordem e? a seguinte! Vai embora de Rosa Branca, palhac?o. E? um aviso. Primeiro e u?ltimo&#8221;. <\/p>\n<p>Danilo apanha muito e fica desacordado. Gustavo manda Ot\u00e1vio (Patrick Sampaio) socorrer o jovem e ele concorda: &#8220;Esta? bem. Assim que o dia clarear levo ele pro hospital em Limoeiro. Se ele resistir, e? evidente. Pode estar morto quando eu chegar. Na?o gosto de nada disso&#8221;. Em troca, Gustavo promete manipular Dora (Alinne Moraes) para ela se casar com o irm\u00e3o. Danilo \u00e9 internado em um hospital humilde, enquanto isso Julia e Hildegard o procuram pela cidade. Cena prevista para 15 de janeiro na Novela \u201cEspelho da Vida\u201d.  <\/p>\n<p>Destaques<\/p>\n<p>Sinopse Espelho da Vida\u201d: Cris Val\u00eancia (Vit\u00f3ria Strada) \u00e9 uma atriz de teatro, linda, estudiosa e filha de pais artistas. A jovem \u00e9 idealista e segura de seus objetivos. Sens\u00edvel, acredita em todos que se aproximam, valoriza o amor e vive um romance feliz ao lado de Alain (Jo\u00e3o Vicente de Castro). Incentivadora da carreira do namorado, ela apoia seus projetos e acredita que ele precisa investir na produ\u00e7\u00e3o de um filme rom\u00e2ntico. Em \u201cEspelho da Vida\u201d, Alain \u00e9 um diretor de TV e cinema bem-sucedido no Rio de Janeiro, muito reconhecido por sua arte.<\/p>\n","protected":false},"excerpt":{"rendered":"<p>Novela \u201cEspelho da Vida\u201d: Danilo (Rafael Cardoso) enfrenta Eug\u00eanio (Felipe Camargo) para tentar explicar a Julia (Vit\u00f3ria Strada) que ele n\u00e3o tem nada com Maristela (Let\u00edcia Persilles). Piedade (Julia Lemmertz) aparece e Danilo n\u00e3o revela que Eug\u00eanio \u00e9 o amante de Maristela e tem um filho bastardo. O jovem manda Eug\u00eanio contar \u00e0 filha a [&hellip;]<\/p>\n","protected":false},"author":2,"featured_media":153381,"comment_status":"open","ping_status":"closed","sticky":false,"template":"","format":"standard","meta":{"tdm_status":"","tdm_grid_status":"","footnotes":""},"categories":[388,527,379,375,343],"tags":[440],"class_list":{"0":"post-163948","1":"post","2":"type-post","3":"status-publish","4":"format-standard","5":"has-post-thumbnail","7":"category-destaques","8":"category-espelho-da-vida","9":"category-novelas","10":"category-rede-globo","11":"category-televisao","12":"tag-noticia-novela"},"_links":{"self":[{"href":"https:\/\/migracao.redenoticia.com.br\/noticia\/wp-json\/wp\/v2\/posts\/163948","targetHints":{"allow":["GET"]}}],"collection":[{"href":"https:\/\/migracao.redenoticia.com.br\/noticia\/wp-json\/wp\/v2\/posts"}],"about":[{"href":"https:\/\/migracao.redenoticia.com.br\/noticia\/wp-json\/wp\/v2\/types\/post"}],"author":[{"embeddable":true,"href":"https:\/\/migracao.redenoticia.com.br\/noticia\/wp-json\/wp\/v2\/users\/2"}],"replies":[{"embeddable":true,"href":"https:\/\/migracao.redenoticia.com.br\/noticia\/wp-json\/wp\/v2\/comments?post=163948"}],"version-history":[{"count":0,"href":"https:\/\/migracao.redenoticia.com.br\/noticia\/wp-json\/wp\/v2\/posts\/163948\/revisions"}],"wp:featuredmedia":[{"embeddable":true,"href":"https:\/\/migracao.redenoticia.com.br\/noticia\/wp-json\/wp\/v2\/media\/153381"}],"wp:attachment":[{"href":"https:\/\/migracao.redenoticia.com.br\/noticia\/wp-json\/wp\/v2\/media?parent=163948"}],"wp:term":[{"taxonomy":"category","embeddable":true,"href":"https:\/\/migracao.redenoticia.com.br\/noticia\/wp-json\/wp\/v2\/categories?post=163948"},{"taxonomy":"post_tag","embeddable":true,"href":"https:\/\/migracao.redenoticia.com.br\/noticia\/wp-json\/wp\/v2\/tags?post=163948"}],"curies":[{"name":"wp","href":"https:\/\/api.w.org\/{rel}","templated":true}]}}