{"id":164067,"date":"2019-01-01T18:31:33","date_gmt":"2019-01-01T20:31:33","guid":{"rendered":"https:\/\/www.redenoticia.com.br\/noticia\/?p=164067"},"modified":"2019-01-01T19:23:16","modified_gmt":"2019-01-01T21:23:16","slug":"resumo-novela-as-aventuras-de-poliana-02-01-luisa-e-seguida-por-um-homem-misterioso","status":"publish","type":"post","link":"https:\/\/migracao.redenoticia.com.br\/noticia\/2019\/resumo-novela-as-aventuras-de-poliana-02-01-luisa-e-seguida-por-um-homem-misterioso\/164067","title":{"rendered":"Resumo novela \u201cAs Aventuras de Poliana\u201d 02\/01: Lu\u00edsa \u00e9 seguida por homem misterioso"},"content":{"rendered":"<p><strong><em><img loading=\"lazy\" decoding=\"async\" class=\"aligncenter size-large wp-image-148662\" src=\"https:\/\/migracao.redenoticia.com.br\/noticia\/imagens\/as-aventuras-de-poliana-novela-400x267.jpg\" alt=\"\" width=\"400\" height=\"267\" srcset=\"https:\/\/migracao.redenoticia.com.br\/noticia\/imagens\/as-aventuras-de-poliana-novela-400x267.jpg 400w, https:\/\/migracao.redenoticia.com.br\/noticia\/imagens\/as-aventuras-de-poliana-novela-250x167.jpg 250w, https:\/\/migracao.redenoticia.com.br\/noticia\/imagens\/as-aventuras-de-poliana-novela-150x100.jpg 150w, https:\/\/migracao.redenoticia.com.br\/noticia\/imagens\/as-aventuras-de-poliana-novela.jpg 600w\" sizes=\"auto, (max-width: 400px) 100vw, 400px\" \/>Resumo novela \u201cAs Aventuras de Poliana\u201d 02\/01 <\/em><\/strong>: no cap\u00edtulo 166(*) da novela, resumo de quarta-feira, 02 de janeiro, Jo\u00e3o conta sua hist\u00f3ria para Bento. Guilherme procura Vin\u00edcius e Jefferson e \u00e9 desprezado pelos amigos. Lu\u00edsa \u00e9 seguida por um homem misterioso. Ver\u00f4nica diz para Ciro que Filipa e Roger decidir\u00e3o se ele ter\u00e1 ou n\u00e3o o emprego. Lu\u00edsa procura Durval. Ver\u00f4nica tenta convencer Roger a contratar Ciro. Lu\u00edsa chega preocupada em casa e pede para Nanci e Ant\u00f4nio tomarem mais cuidado com a seguran\u00e7a da casa. Lindomar chega em casa e conta para a fam\u00edlia que Ruth permitiu que Vin\u00edcius fizesse a prova. Lu\u00edsa \u00e9 observada pelo homem com capuz atrav\u00e9s da janela do escrit\u00f3rio. D\u00e9bora conversa ao telefone com algu\u00e9m sobre um plano contra Lu\u00edsa.<\/p>\n<p>Jefferson desiste de fazer a prova para entrar na Ruth Goulart. Afonso pede para dormir na casa de Lu\u00edsa para proteg\u00ea-la. D\u00e9bora se encontra com um dos capangas de Rato, e Kessya flagra os dois. Afonso, Lu\u00edsa e Poliana tomam caf\u00e9 da manh\u00e3 e Marcelo chega. Ver\u00f4nica convence Roger a contratar Ciro. Marcelo diz que soube o que houve com Lu\u00edsa e Afonso responde que ele havia dormido l\u00e1 para proteger as meninas. Mirela e Gabriela discutem com Gl\u00f3ria e Hel\u00f4 sobre a situa\u00e7\u00e3o do gr\u00eamio. Filipa humilha Kessya, dizendo que agora seu pai e sua m\u00e3e trabalham para ela.<\/p>\n<p>(*) edi\u00e7\u00e3o do SBT, Novela \u201cAs Aventuras de Poliana\u201d, sujeito a altera\u00e7\u00e3o de data e conte\u00fado.<\/p>\n<p>Poliana \u00e9 uma menina extrovertida e de bom cora\u00e7\u00e3o que viajava o Brasil com seus pais, Lorenzo e Alice, no grupo circense Trupe Vagalume. Aos onze anos a garota v\u00ea seu mundo desabar quando seus pais falecem e ela tem que ir morar em S\u00e3o Paulo com sua tia Lu\u00edsa, uma mulher rica e severa, a qual ela n\u00e3o conhecia e que n\u00e3o queria cuidar dela, embora sinta que \u00e9 sua obriga\u00e7\u00e3o pela alma de sua irm\u00e3. Apesar do jeito da rigidez da tia, Poliana decide ter uma vis\u00e3o positiva e inabal\u00e1vel da vida, mesmo nos momentos de dificuldade, tentando levar um pouco de felicidade para a vida de cada um dos seus novos amigos e vizinhos, como o Sr. Pendleton, um homem rico e infeliz por nunca ter tido filhos. Ela vai estudar no col\u00e9gio de Ruth, uma diretora de bom cora\u00e7\u00e3o que a ajuda a se adaptar, mas tem que lidar com as vilanias de Mirela, garota mais velha que n\u00e3o aceita perder a popularidade para uma novata.<\/p>\n","protected":false},"excerpt":{"rendered":"<p>Resumo novela \u201cAs Aventuras de Poliana\u201d 02\/01 : no cap\u00edtulo 166(*) da novela, resumo de quarta-feira, 02 de janeiro, Jo\u00e3o conta sua hist\u00f3ria para Bento. Guilherme procura Vin\u00edcius e Jefferson e \u00e9 desprezado pelos amigos. Lu\u00edsa \u00e9 seguida por um homem misterioso. Ver\u00f4nica diz para Ciro que Filipa e Roger decidir\u00e3o se ele ter\u00e1 ou [&hellip;]<\/p>\n","protected":false},"author":4,"featured_media":148663,"comment_status":"open","ping_status":"closed","sticky":false,"template":"","format":"standard","meta":{"tdm_status":"","tdm_grid_status":"","footnotes":""},"categories":[477,379,372,343],"tags":[441],"class_list":{"0":"post-164067","1":"post","2":"type-post","3":"status-publish","4":"format-standard","5":"has-post-thumbnail","7":"category-as-aventuras-de-poliana","8":"category-novelas","9":"category-sbt","10":"category-televisao","11":"tag-resumo-do-dia"},"_links":{"self":[{"href":"https:\/\/migracao.redenoticia.com.br\/noticia\/wp-json\/wp\/v2\/posts\/164067","targetHints":{"allow":["GET"]}}],"collection":[{"href":"https:\/\/migracao.redenoticia.com.br\/noticia\/wp-json\/wp\/v2\/posts"}],"about":[{"href":"https:\/\/migracao.redenoticia.com.br\/noticia\/wp-json\/wp\/v2\/types\/post"}],"author":[{"embeddable":true,"href":"https:\/\/migracao.redenoticia.com.br\/noticia\/wp-json\/wp\/v2\/users\/4"}],"replies":[{"embeddable":true,"href":"https:\/\/migracao.redenoticia.com.br\/noticia\/wp-json\/wp\/v2\/comments?post=164067"}],"version-history":[{"count":0,"href":"https:\/\/migracao.redenoticia.com.br\/noticia\/wp-json\/wp\/v2\/posts\/164067\/revisions"}],"wp:featuredmedia":[{"embeddable":true,"href":"https:\/\/migracao.redenoticia.com.br\/noticia\/wp-json\/wp\/v2\/media\/148663"}],"wp:attachment":[{"href":"https:\/\/migracao.redenoticia.com.br\/noticia\/wp-json\/wp\/v2\/media?parent=164067"}],"wp:term":[{"taxonomy":"category","embeddable":true,"href":"https:\/\/migracao.redenoticia.com.br\/noticia\/wp-json\/wp\/v2\/categories?post=164067"},{"taxonomy":"post_tag","embeddable":true,"href":"https:\/\/migracao.redenoticia.com.br\/noticia\/wp-json\/wp\/v2\/tags?post=164067"}],"curies":[{"name":"wp","href":"https:\/\/api.w.org\/{rel}","templated":true}]}}