{"id":164100,"date":"2019-01-01T19:28:51","date_gmt":"2019-01-01T21:28:51","guid":{"rendered":"https:\/\/www.redenoticia.com.br\/noticia\/?p=164100"},"modified":"2019-01-03T19:54:00","modified_gmt":"2019-01-03T21:54:00","slug":"novela-o-tempo-nao-para-samuca-promete-proteger-os-ex-congelados","status":"publish","type":"post","link":"https:\/\/migracao.redenoticia.com.br\/noticia\/2019\/novela-o-tempo-nao-para-samuca-promete-proteger-os-ex-congelados\/164100","title":{"rendered":"Novela \u201cO Tempo N\u00e3o Para\u201d: Samuca promete proteger os ex-congelados"},"content":{"rendered":"<p><img loading=\"lazy\" decoding=\"async\" src=\"https:\/\/migracao.redenoticia.com.br\/noticia\/imagens\/o-tempo-nao-para-013-282x300.jpg\" alt=\"\" width=\"282\" height=\"300\" class=\"aligncenter size-large wp-image-151634\" srcset=\"https:\/\/migracao.redenoticia.com.br\/noticia\/imagens\/o-tempo-nao-para-013-282x300.jpg 282w, https:\/\/migracao.redenoticia.com.br\/noticia\/imagens\/o-tempo-nao-para-013-176x187.jpg 176w, https:\/\/migracao.redenoticia.com.br\/noticia\/imagens\/o-tempo-nao-para-013-141x150.jpg 141w, https:\/\/migracao.redenoticia.com.br\/noticia\/imagens\/o-tempo-nao-para-013.jpg 525w\" sizes=\"auto, (max-width: 282px) 100vw, 282px\" \/><strong><em>Novela \u201cO Tempo N\u00e3o Para\u201d:<\/em><\/strong> Dom Sabino (Edson Celulari) fica preocupado com a possibilidade de ver toda a sua fam\u00edlia aprisionados na Criotec. Marocas (Juliana Paiva) diz que j\u00e1 sab\u00eda que a opera\u00e7\u00e3o On The Rocks amea\u00e7a a todos. Dom Sabino afirma: \u201cPelo que a doutora Vanda (Lucy Ramos) explicou, eles tentar\u00e3o isolar todos n\u00f3s em uma esp\u00e9cie de\u2026 quarentena\u201d. <\/p>\n<p>Ces\u00e1ria (Ol\u00edvia Ara\u00fajo) fica assustada: \u201cMeu S\u00e3o Francisco, meu pai Ogum! Agora que eu fiquei livre t\u00e3o querendo me \u2018entoc\u00e1\u2019 de novo naquele balde gelado?\u201d. Samuca (Nicolas Prattes) promete protege-l\u00f3s: \u201cNingu\u00e9m vai fazer nada contra voc\u00eas! Pode vir o ex\u00e9rcito, o governo, o que for\u2026 Eu vou peitar todo mundo, mas n\u00e3o vou deixar eles separarem essa fam\u00edlia de jeito nenhum!&#8230; Ningu\u00e9m mais vai me afastar de voc\u00ea, Marocas\u2026 Ningu\u00e9m!\u201d.<\/p>\n<p> Cena prevista para janeiro na Novela \u201cO Tempo N\u00e3o Para\u201d.<\/p>\n<p>Destaques<\/p>\n<p>Sinopse \u201cO Tempo N\u00e3o Para\u201d: Anos de avan\u00e7os e descobertas que moldaram costumes, h\u00e1bitos e linguagens da sociedade contempor\u00e2nea v\u00e3o gerar um choque em uma abastada fam\u00edlia do s\u00e9culo XIX que desperta no s\u00e9culo XXI. Por 132 anos, os Sabino Machado e seus agregados ficaram congelados, dentro de um bloco de gelo, enquanto a vida l\u00e1 fora passava. Agora, v\u00e3o despertar em uma S\u00e3o Paulo pulsante e turbulenta e se deparar com a sociedade em pleno 2018. &#8220;O Tempo N\u00e3o Para&#8221;, nova novela das 7, \u00e9 escrita por Mario Teixeira e tem dire\u00e7\u00e3o art\u00edstica de Leonardo Nogueira. <\/p>\n","protected":false},"excerpt":{"rendered":"<p>Novela \u201cO Tempo N\u00e3o Para\u201d: Dom Sabino (Edson Celulari) fica preocupado com a possibilidade de ver toda a sua fam\u00edlia aprisionados na Criotec. Marocas (Juliana Paiva) diz que j\u00e1 sab\u00eda que a opera\u00e7\u00e3o On The Rocks amea\u00e7a a todos. Dom Sabino afirma: \u201cPelo que a doutora Vanda (Lucy Ramos) explicou, eles tentar\u00e3o isolar todos n\u00f3s [&hellip;]<\/p>\n","protected":false},"author":2,"featured_media":149486,"comment_status":"open","ping_status":"closed","sticky":false,"template":"","format":"standard","meta":{"tdm_status":"","tdm_grid_status":"","footnotes":""},"categories":[388,379,490,375,343],"tags":[440],"class_list":{"0":"post-164100","1":"post","2":"type-post","3":"status-publish","4":"format-standard","5":"has-post-thumbnail","7":"category-destaques","8":"category-novelas","9":"category-o-tempo-nao-para","10":"category-rede-globo","11":"category-televisao","12":"tag-noticia-novela"},"_links":{"self":[{"href":"https:\/\/migracao.redenoticia.com.br\/noticia\/wp-json\/wp\/v2\/posts\/164100","targetHints":{"allow":["GET"]}}],"collection":[{"href":"https:\/\/migracao.redenoticia.com.br\/noticia\/wp-json\/wp\/v2\/posts"}],"about":[{"href":"https:\/\/migracao.redenoticia.com.br\/noticia\/wp-json\/wp\/v2\/types\/post"}],"author":[{"embeddable":true,"href":"https:\/\/migracao.redenoticia.com.br\/noticia\/wp-json\/wp\/v2\/users\/2"}],"replies":[{"embeddable":true,"href":"https:\/\/migracao.redenoticia.com.br\/noticia\/wp-json\/wp\/v2\/comments?post=164100"}],"version-history":[{"count":0,"href":"https:\/\/migracao.redenoticia.com.br\/noticia\/wp-json\/wp\/v2\/posts\/164100\/revisions"}],"wp:featuredmedia":[{"embeddable":true,"href":"https:\/\/migracao.redenoticia.com.br\/noticia\/wp-json\/wp\/v2\/media\/149486"}],"wp:attachment":[{"href":"https:\/\/migracao.redenoticia.com.br\/noticia\/wp-json\/wp\/v2\/media?parent=164100"}],"wp:term":[{"taxonomy":"category","embeddable":true,"href":"https:\/\/migracao.redenoticia.com.br\/noticia\/wp-json\/wp\/v2\/categories?post=164100"},{"taxonomy":"post_tag","embeddable":true,"href":"https:\/\/migracao.redenoticia.com.br\/noticia\/wp-json\/wp\/v2\/tags?post=164100"}],"curies":[{"name":"wp","href":"https:\/\/api.w.org\/{rel}","templated":true}]}}