{"id":1643,"date":"2009-05-14T19:01:52","date_gmt":"2009-05-14T23:01:52","guid":{"rendered":"http:\/\/www.redenoticia.com.br\/noticia\/?p=1643"},"modified":"2009-05-14T19:01:52","modified_gmt":"2009-05-14T23:01:52","slug":"aliar-educacao-e-saude-e-estrategia-de-curitiba-para-vencer-analfabetismo","status":"publish","type":"post","link":"https:\/\/migracao.redenoticia.com.br\/noticia\/2009\/aliar-educacao-e-saude-e-estrategia-de-curitiba-para-vencer-analfabetismo\/1643","title":{"rendered":"Aliar educa\u00e7\u00e3o e sa\u00fade \u00e9 estrat\u00e9gia de Curitiba para vencer analfabetismo"},"content":{"rendered":"<p>O aposentado M\u00e1rcio Bueno, 66 anos, foi fazer uma consulta em um posto de sa\u00fade de Curitiba e viu um cartaz que informava sobre um curso de alfabetiza\u00e7\u00e3o para adultos. Ficou algum tempo parado diante do aviso, tentando juntar as letras e, ao mesmo tempo, disfar\u00e7ar para que as outras pessoas n\u00e3o percebessem que era analfabeto. Foi assim que ele descobriu o projeto Alfabetizando com Sa\u00fade, resultado de parceria entre as secretarias de Sa\u00fade e de Educa\u00e7\u00e3o de Curitiba. Hoje, o aposentado tem orgulho de saber ler e de ter renovado a carteira de motorista, agora com o seu nome assinado em vez da marca do polegar.<\/p>\n<p class=\"MsoNormal\"><span style=\"font-family: Arial;\"><br \/>\n\u201cQuando tirei a carteira, h\u00e1 40 anos, foi com os dedos. Eu trabalhava com caminh\u00e3o, conhecia as placas, n\u00e3o precisava saber ler, bastava ter pr\u00e1tica. Agora, no curso de reciclagem, eles me deram uma folha para preencher. Sofri bastante, suei muito, mas preeenchi todas as informa\u00e7\u00f5es do formul\u00e1rio. Tem ideia do que isso significa?\u201d<\/p>\n<p>O projeto da prefeitura da capital paranaense usa tem\u00e1tica da sa\u00fade na alfabetiza\u00e7\u00e3o de adultos. A iniciativa que teve in\u00edcio em 2002 venceu no ano passado um pr\u00eamio internacional de alfabetiza\u00e7\u00e3o da Organiza\u00e7\u00e3o das Na\u00e7\u00f5es Unidas para a Educa\u00e7\u00e3o, a Ci\u00eancia e a Cultura (Unesco).<\/p>\n<p>O convite para participar do projeto \u00e9 feito durante o atendimento no posto de sa\u00fade. Os agentes comunit\u00e1rios, que visitam casas de uma determinada regi\u00e3o levando informa\u00e7\u00f5es sobre sa\u00fade, tamb\u00e9m fazem o convite. Como apenas 4% da popula\u00e7\u00e3o de Curitiba \u00e9 analfabeta, de acordo com dados da coordena\u00e7\u00e3o do projeto, o agente comunit\u00e1rio sabe onde esse p\u00fablico est\u00e1. <\/span><\/p>\n<p class=\"MsoNormal\"><span style=\"font-family: Arial;\">Al\u00e9m de ensinar adultos a ler e escrever, a proposta tem o objetivo de ajudar a pessoa a cuidar da pr\u00f3pria sa\u00fade. \u201cO adulto s\u00f3 vai estudar aquilo que o atrair, ele vai porque quer tirar a carteira de motorista, ler a <em>B\u00edblia<\/em>, escrever carta. O nosso diferencial \u00e9 a quest\u00e3o da sa\u00fade. Como ele tem alguma doen\u00e7a se interessa em estudar, at\u00e9 para melhorar a qualidade de vida\u201d, explica a coordenadora do projeto Alfabetizando com Sa\u00fade, Marisa Marini Giacomini.<\/p>\n<p>As aulas s\u00e3o realizadas nas unidades de sa\u00fade de Curitiba e mais de 2 mil pessoas j\u00e1 passaram pelo projeto. A metodologia utilizada \u00e9 a do construtivismo, que procura problematizar os assuntos e evita tratar os temas apenas de forma expositiva. <\/span><\/p>\n<p class=\"MsoNormal\" style=\"line-height: 12.75pt;\"><span style=\"font-family: Arial;\">Ap\u00f3s a alfabetiza\u00e7\u00e3o, os alunos podem voltar para a escola, mas muitos preferem continuar no projeto.<\/span><\/p>\n<p class=\"MsoNormal\" style=\"line-height: 12.75pt;\"><span style=\"font-family: Arial;\">\u201cA vida agora nem se compara \u00e0 de antes. At\u00e9 para ir ao banheiro eu me atrapalhava, tinha que ter aquele bonequinho na porta. Hoje vou a todos os lugares sozinha, j\u00e1 sei ler o que est\u00e1 escrito na placa do \u00f4nibus. Fico sentada l\u00e1 dentro lendo todas as placas que eu vejo\u201d, conta a aposentada Bernadete de S\u00e1, 64 anos, que participa do projeto desde 2008.<\/p>\n<p>A coordenadora atribui o sucesso da iniciativa \u00e0 simplicidade da id\u00e9ia e ao trabalho conjunto das duas secretarias. O projeto diminuiu o n\u00famero de interna\u00e7\u00f5es por complica\u00e7\u00f5es de diabetes e hipertens\u00e3o e aumentou a expectativa de vida dos alunos, segundo a Marisa.<\/span><\/p>\n<p class=\"MsoNormal\" style=\"line-height: 12.75pt;\"><span style=\"font-family: Arial;\">Os bons resultados levaram a id\u00e9ia para a \u00c1frica. Em 2005, o Alfabetizando com Sa\u00fade venceu uma sele\u00e7\u00e3o e foi implantado na regi\u00e3o de Cabo Delgado, em Mo\u00e7ambique.<\/span><\/p>\n<p class=\"MsoNormal\" style=\"line-height: 12.75pt;\"><span style=\"font-family: Arial;\">Uma equipe brasileira, em diversas visitas ao pa\u00eds, elaborou o material did\u00e1tico, capacitou 1,2 mil alfabetizadores e abriu novas salas de aula. \u201cHavia pessoas que estudavam embaixo de \u00e1rvores, a apostila era um dos \u00fanicos recursos que chegou \u00e0 comunidade, n\u00e3o havia livros, l\u00e1pis, cadernos\u201d, lembra Marisa. <\/span><\/p>\n<p class=\"MsoNormal\" style=\"margin-bottom: 12pt;\"><span style=\"font-family: Arial;\">L\u00facia Norcio*<br \/>\n<em>Rep\u00f3rter da Ag\u00eancia Brasil<\/em> <\/span><\/p>\n","protected":false},"excerpt":{"rendered":"<p>O aposentado M\u00e1rcio Bueno, 66 anos, foi fazer uma consulta em um posto de sa\u00fade de Curitiba e viu um cartaz que informava sobre um curso de alfabetiza\u00e7\u00e3o para adultos. Ficou algum tempo parado diante do aviso, tentando juntar as letras e, ao mesmo tempo, disfar\u00e7ar para que as outras pessoas n\u00e3o percebessem que era [&hellip;]<\/p>\n","protected":false},"author":3,"featured_media":0,"comment_status":"open","ping_status":"open","sticky":false,"template":"","format":"standard","meta":{"tdm_status":"","tdm_grid_status":"","footnotes":""},"categories":[22],"tags":[],"class_list":{"0":"post-1643","1":"post","2":"type-post","3":"status-publish","4":"format-standard","6":"category-brasil"},"_links":{"self":[{"href":"https:\/\/migracao.redenoticia.com.br\/noticia\/wp-json\/wp\/v2\/posts\/1643","targetHints":{"allow":["GET"]}}],"collection":[{"href":"https:\/\/migracao.redenoticia.com.br\/noticia\/wp-json\/wp\/v2\/posts"}],"about":[{"href":"https:\/\/migracao.redenoticia.com.br\/noticia\/wp-json\/wp\/v2\/types\/post"}],"author":[{"embeddable":true,"href":"https:\/\/migracao.redenoticia.com.br\/noticia\/wp-json\/wp\/v2\/users\/3"}],"replies":[{"embeddable":true,"href":"https:\/\/migracao.redenoticia.com.br\/noticia\/wp-json\/wp\/v2\/comments?post=1643"}],"version-history":[{"count":0,"href":"https:\/\/migracao.redenoticia.com.br\/noticia\/wp-json\/wp\/v2\/posts\/1643\/revisions"}],"wp:attachment":[{"href":"https:\/\/migracao.redenoticia.com.br\/noticia\/wp-json\/wp\/v2\/media?parent=1643"}],"wp:term":[{"taxonomy":"category","embeddable":true,"href":"https:\/\/migracao.redenoticia.com.br\/noticia\/wp-json\/wp\/v2\/categories?post=1643"},{"taxonomy":"post_tag","embeddable":true,"href":"https:\/\/migracao.redenoticia.com.br\/noticia\/wp-json\/wp\/v2\/tags?post=1643"}],"curies":[{"name":"wp","href":"https:\/\/api.w.org\/{rel}","templated":true}]}}