{"id":1645,"date":"2009-05-14T19:06:55","date_gmt":"2009-05-14T23:06:55","guid":{"rendered":"http:\/\/www.redenoticia.com.br\/noticia\/?p=1645"},"modified":"2009-05-14T19:06:55","modified_gmt":"2009-05-14T23:06:55","slug":"inscricoes-para-o-fies-terminam-em-15-de-maio","status":"publish","type":"post","link":"https:\/\/migracao.redenoticia.com.br\/noticia\/2009\/inscricoes-para-o-fies-terminam-em-15-de-maio\/1645","title":{"rendered":"Inscri\u00e7\u00f5es para o Fies terminam em 15 de maio"},"content":{"rendered":"<p><span style=\"font-family: Arial; color: windowtext;\">Estudantes do ensino superior interessados em participar do Fundo de Financiamento Estudantil (Fies) devem se inscrever no porgrama at\u00e9 dia 15, pela <em>internet<\/em>. O programa \u00e9 destinado a alunos de institui\u00e7\u00f5es particulares que n\u00e3o t\u00eam condi\u00e7\u00f5es de arcar integralmente com os custos de sua forma\u00e7\u00e3o. Para tanto, \u00e9 preciso que a institui\u00e7\u00e3o tenha aderido ao Fies 2009.<\/p>\n<p>O candidato deve preencher a ficha de inscri\u00e7\u00e3o, imprimi-la em duas vias e entreg\u00e1-la na institui\u00e7\u00e3o de ensino onde estuda. O financiamento estudantil \u00e9 operacionalizado pela Caixa Econ\u00f4mica Federal, que financia de 50% a 75% das mensalidades.<\/p>\n<p>A taxa de juros do Fies \u00e9 fixa: de 3,5% ao ano para os cursos de licenciatura, pedagogia, normal superior e tecnol\u00f3gicos e de 6,5% ao ano para as demais gradua\u00e7\u00f5es. Ao longo da gradua\u00e7\u00e3o, o estudante se compromete a pagar uma taxa de at\u00e9 R$ 50 a cada tr\u00eas meses. Ap\u00f3s a formatura, o ex-aluno tem um per\u00edodo de car\u00eancia de seis meses e em seguida deve come\u00e7ar a pagar as presta\u00e7\u00f5es.<\/p>\n<p>As informa\u00e7\u00f5es sobre o programa, a ficha de inscri\u00e7\u00e3o e a lista das institui\u00e7\u00f5es que aderiram ao Fies est\u00e3o dispon\u00edveis no <em><span style=\"color: windowtext;\">site<\/span><\/em> da Caixa. <\/span><\/p>\n<p class=\"MsoNormal\" style=\"margin-bottom: 12pt;\"><span class=\"assinatura11\"><span style=\"font-family: Arial; color: windowtext;\">Amanda Cieglinski <\/span><\/span><span style=\"font-family: Arial;\"><br \/>\n<span class=\"assinatura11\"><em><span style=\"font-family: Arial; color: windowtext;\">Rep\u00f3rter da Ag\u00eancia Brasil<\/span><\/em><\/span><span class=\"assinatura11\"><span style=\"font-family: Arial; color: windowtext;\"> <\/span><\/span><\/span><\/p>\n","protected":false},"excerpt":{"rendered":"<p>Estudantes do ensino superior interessados em participar do Fundo de Financiamento Estudantil (Fies) devem se inscrever no porgrama at\u00e9 dia 15, pela internet. O programa \u00e9 destinado a alunos de institui\u00e7\u00f5es particulares que n\u00e3o t\u00eam condi\u00e7\u00f5es de arcar integralmente com os custos de sua forma\u00e7\u00e3o. Para tanto, \u00e9 preciso que a institui\u00e7\u00e3o tenha aderido ao [&hellip;]<\/p>\n","protected":false},"author":3,"featured_media":0,"comment_status":"open","ping_status":"open","sticky":false,"template":"","format":"standard","meta":{"tdm_status":"","tdm_grid_status":"","footnotes":""},"categories":[22],"tags":[],"class_list":{"0":"post-1645","1":"post","2":"type-post","3":"status-publish","4":"format-standard","6":"category-brasil"},"_links":{"self":[{"href":"https:\/\/migracao.redenoticia.com.br\/noticia\/wp-json\/wp\/v2\/posts\/1645","targetHints":{"allow":["GET"]}}],"collection":[{"href":"https:\/\/migracao.redenoticia.com.br\/noticia\/wp-json\/wp\/v2\/posts"}],"about":[{"href":"https:\/\/migracao.redenoticia.com.br\/noticia\/wp-json\/wp\/v2\/types\/post"}],"author":[{"embeddable":true,"href":"https:\/\/migracao.redenoticia.com.br\/noticia\/wp-json\/wp\/v2\/users\/3"}],"replies":[{"embeddable":true,"href":"https:\/\/migracao.redenoticia.com.br\/noticia\/wp-json\/wp\/v2\/comments?post=1645"}],"version-history":[{"count":0,"href":"https:\/\/migracao.redenoticia.com.br\/noticia\/wp-json\/wp\/v2\/posts\/1645\/revisions"}],"wp:attachment":[{"href":"https:\/\/migracao.redenoticia.com.br\/noticia\/wp-json\/wp\/v2\/media?parent=1645"}],"wp:term":[{"taxonomy":"category","embeddable":true,"href":"https:\/\/migracao.redenoticia.com.br\/noticia\/wp-json\/wp\/v2\/categories?post=1645"},{"taxonomy":"post_tag","embeddable":true,"href":"https:\/\/migracao.redenoticia.com.br\/noticia\/wp-json\/wp\/v2\/tags?post=1645"}],"curies":[{"name":"wp","href":"https:\/\/api.w.org\/{rel}","templated":true}]}}