{"id":164510,"date":"2019-01-04T23:59:03","date_gmt":"2019-01-05T01:59:03","guid":{"rendered":"https:\/\/www.redenoticia.com.br\/noticia\/?p=164510"},"modified":"2019-01-04T23:59:03","modified_gmt":"2019-01-05T01:59:03","slug":"resumo-novela-as-aventuras-de-poliana-07-01-bento-nao-vai-ao-primeiro-dia-de-aula","status":"publish","type":"post","link":"https:\/\/migracao.redenoticia.com.br\/noticia\/2019\/resumo-novela-as-aventuras-de-poliana-07-01-bento-nao-vai-ao-primeiro-dia-de-aula\/164510","title":{"rendered":"Resumo novela \u201cAs Aventuras de Poliana\u201d 07\/01: Bento n\u00e3o vai ao primeiro dia de aula"},"content":{"rendered":"<p> <strong><em><img loading=\"lazy\" decoding=\"async\" class=\"aligncenter size-large wp-image-148662\" src=\"https:\/\/migracao.redenoticia.com.br\/noticia\/imagens\/as-aventuras-de-poliana-novela-400x267.jpg\" alt=\"\" width=\"400\" height=\"267\" srcset=\"https:\/\/migracao.redenoticia.com.br\/noticia\/imagens\/as-aventuras-de-poliana-novela-400x267.jpg 400w, https:\/\/migracao.redenoticia.com.br\/noticia\/imagens\/as-aventuras-de-poliana-novela-250x167.jpg 250w, https:\/\/migracao.redenoticia.com.br\/noticia\/imagens\/as-aventuras-de-poliana-novela-150x100.jpg 150w, https:\/\/migracao.redenoticia.com.br\/noticia\/imagens\/as-aventuras-de-poliana-novela.jpg 600w\" sizes=\"auto, (max-width: 400px) 100vw, 400px\" \/>Resumo novela \u201cAs Aventuras de Poliana\u201d 07\/01 <\/em><\/strong>: no cap\u00edtulo 169(*) da novela, resumo de segunda-feira, 07 de janeiro, Sr. Pendleton pede para Sara ir at\u00e9 a casa de Lu\u00edsa e verificar se l\u00e1 h\u00e1 um sistema de seguran\u00e7a eficiente. Nanci desabafa com Ant\u00f4nio sobre sentir muito a falta de Waldisney. Bento n\u00e3o vai ao seu primeiro dia de aula e Poliana vai conversar com Ruth, preocupada. Lorena fica muito brava e confronta Durval e Claudia. Sara conta para Sr. Pendleton que o sistema de seguran\u00e7a da casa de Lu\u00edsa existe, mas \u00e9 muito antigo e est\u00e1 quebrado. Kessya e Poliana flagram Bento perto do lago. Sr. Pendleton vai at\u00e9 a casa de Lu\u00edsa.<\/p>\n<p>Durval encontra Lorena emburrada no quarto e tenta convenc\u00ea-la de que n\u00e3o est\u00e1 fazendo nada de errado. Al\u00e9m disso, ele fica sabendo que \u00c9ric pisou de prop\u00f3sito no besouro. Bento conta que Dona Marlos (sua tutora) est\u00e1 doente e, por isso, precisa ficar cuidando dela. Sr. Pendleton se oferece para contratar uma empresa de seguran\u00e7a para Lu\u00edsa, e ela recusa. Mirela decide montar uma chapa para concorrer ao gr\u00eamio e tenta convencer Raquel e Guilherme a entrarem. Afonso tenta entender por que Lu\u00edsa detesta Pendleton, e ela explica que h\u00e1 uma d\u00edvida entre eles. Kessya cobra Jefferson para que ele devolva os celulares roubados. Gleyce explica para Jefferson que ele ter\u00e1 que entrar no segundo ano, e n\u00e3o no terceiro, e ele desiste de entrar.<\/p>\n<p>S\u00e9rgio discute com Joana por estar com ci\u00fame de Waldisney. Nanci vai at\u00e9 a reuni\u00e3o de autoajuda de Iuri. Marcelo leva Poliana para casa e, quando volta, D\u00e9bora discute com ele. Ela ainda liga para Rato e pede para que ele d\u00ea sequ\u00eancia ao plano contra Lu\u00edsa. Gael e Ben\u00edcio ganham o drone de presente de anivers\u00e1rio. Poliana diz a Lu\u00edsa que ela est\u00e1 diferente desde que Afonso passou a dormir na casa para proteg\u00ea-las. Arlete flagra Jefferson com o bando do Rato e pro\u00edbe Vin\u00edcius de continuar sendo amigo dele.<\/p>\n<p>(*) edi\u00e7\u00e3o do SBT, Novela \u201cAs Aventuras de Poliana\u201d, sujeito a altera\u00e7\u00e3o de data e conte\u00fado.<\/p>\n<p>Poliana \u00e9 uma menina extrovertida e de bom cora\u00e7\u00e3o que viajava o Brasil com seus pais, Lorenzo e Alice, no grupo circense Trupe Vagalume. Aos onze anos a garota v\u00ea seu mundo desabar quando seus pais falecem e ela tem que ir morar em S\u00e3o Paulo com sua tia Lu\u00edsa, uma mulher rica e severa, a qual ela n\u00e3o conhecia e que n\u00e3o queria cuidar dela, embora sinta que \u00e9 sua obriga\u00e7\u00e3o pela alma de sua irm\u00e3. Apesar do jeito da rigidez da tia, Poliana decide ter uma vis\u00e3o positiva e inabal\u00e1vel da vida, mesmo nos momentos de dificuldade, tentando levar um pouco de felicidade para a vida de cada um dos seus novos amigos e vizinhos, como o Sr. Pendleton, um homem rico e infeliz por nunca ter tido filhos. Ela vai estudar no col\u00e9gio de Ruth, uma diretora de bom cora\u00e7\u00e3o que a ajuda a se adaptar, mas tem que lidar com as vilanias de Mirela, garota mais velha que n\u00e3o aceita perder a popularidade para uma novata.<\/p>\n","protected":false},"excerpt":{"rendered":"<p>Resumo novela \u201cAs Aventuras de Poliana\u201d 07\/01 : no cap\u00edtulo 169(*) da novela, resumo de segunda-feira, 07 de janeiro, Sr. Pendleton pede para Sara ir at\u00e9 a casa de Lu\u00edsa e verificar se l\u00e1 h\u00e1 um sistema de seguran\u00e7a eficiente. Nanci desabafa com Ant\u00f4nio sobre sentir muito a falta de Waldisney. Bento n\u00e3o vai ao [&hellip;]<\/p>\n","protected":false},"author":2,"featured_media":148663,"comment_status":"open","ping_status":"closed","sticky":false,"template":"","format":"standard","meta":{"tdm_status":"","tdm_grid_status":"","footnotes":""},"categories":[477,379,372,343],"tags":[441],"class_list":{"0":"post-164510","1":"post","2":"type-post","3":"status-publish","4":"format-standard","5":"has-post-thumbnail","7":"category-as-aventuras-de-poliana","8":"category-novelas","9":"category-sbt","10":"category-televisao","11":"tag-resumo-do-dia"},"_links":{"self":[{"href":"https:\/\/migracao.redenoticia.com.br\/noticia\/wp-json\/wp\/v2\/posts\/164510","targetHints":{"allow":["GET"]}}],"collection":[{"href":"https:\/\/migracao.redenoticia.com.br\/noticia\/wp-json\/wp\/v2\/posts"}],"about":[{"href":"https:\/\/migracao.redenoticia.com.br\/noticia\/wp-json\/wp\/v2\/types\/post"}],"author":[{"embeddable":true,"href":"https:\/\/migracao.redenoticia.com.br\/noticia\/wp-json\/wp\/v2\/users\/2"}],"replies":[{"embeddable":true,"href":"https:\/\/migracao.redenoticia.com.br\/noticia\/wp-json\/wp\/v2\/comments?post=164510"}],"version-history":[{"count":0,"href":"https:\/\/migracao.redenoticia.com.br\/noticia\/wp-json\/wp\/v2\/posts\/164510\/revisions"}],"wp:featuredmedia":[{"embeddable":true,"href":"https:\/\/migracao.redenoticia.com.br\/noticia\/wp-json\/wp\/v2\/media\/148663"}],"wp:attachment":[{"href":"https:\/\/migracao.redenoticia.com.br\/noticia\/wp-json\/wp\/v2\/media?parent=164510"}],"wp:term":[{"taxonomy":"category","embeddable":true,"href":"https:\/\/migracao.redenoticia.com.br\/noticia\/wp-json\/wp\/v2\/categories?post=164510"},{"taxonomy":"post_tag","embeddable":true,"href":"https:\/\/migracao.redenoticia.com.br\/noticia\/wp-json\/wp\/v2\/tags?post=164510"}],"curies":[{"name":"wp","href":"https:\/\/api.w.org\/{rel}","templated":true}]}}