{"id":164655,"date":"2019-01-06T23:58:00","date_gmt":"2019-01-07T01:58:00","guid":{"rendered":"https:\/\/www.redenoticia.com.br\/noticia\/?p=164655"},"modified":"2019-01-06T20:22:12","modified_gmt":"2019-01-06T22:22:12","slug":"inflacao-para-familias-com-renda-baixa-e-417-em-2018","status":"publish","type":"post","link":"https:\/\/migracao.redenoticia.com.br\/noticia\/2019\/inflacao-para-familias-com-renda-baixa-e-417-em-2018\/164655","title":{"rendered":"Infla\u00e7\u00e3o para fam\u00edlias com renda baixa \u00e9 4,17% em 2018"},"content":{"rendered":"<p> O \u00cdndice de Pre\u00e7os ao Consumidor &#8211; Classe 1 (IPC-C1), que diz respeito \u00e0s fam\u00edlias de menor renda (1 a 2,5 sal\u00e1rios m\u00ednimos) fechou o m\u00eas de dezembro com alta de 0,32%, ficando 0,57 ponto percentual acima da taxa de novembro, quando o \u00edndice fechou com defla\u00e7\u00e3o (<strong><em>infla\u00e7\u00e3o<\/em><\/strong> negativa) de 0,25%. Com o resultado, o indicador fechou o ano passado com alta acumulada de 4,17%.<\/p>\n<p>Os dados foram divulgados pelo Instituto Brasileiro de Economia de Funda\u00e7\u00e3o Getulio Vargas (Ibre \u2013 FGV). Segundo a funda\u00e7\u00e3o, em dezembro, a infla\u00e7\u00e3o para as fam\u00edlias de baixa renda ficou 0,03 ponto percentual acima do \u00cdndice de Pre\u00e7os ao Consumidor \u2013 Brasil (IPC-BR), que registra a varia\u00e7\u00e3o dos pre\u00e7os para o total das fam\u00edlias brasileiras e que subiu em dezembro 0,29%. No ano, o indicador fechou com alta acumulada de 4,32%, resultado 0,05 ponto percentual acima do registrado pelo IPC-C1.<\/p>\n<p>Classes de Despesas<br \/>\nOs dados da FGV indicam que a alta de 0,32 relativa ao IPC-C1 de dezembro reflete acelera\u00e7\u00e3o de pre\u00e7os em seis das oito classes de despesa componentes do \u00edndice, com destaque para Habita\u00e7\u00e3o, grupo que saiu de uma defla\u00e7\u00e3o de 1,10% para uma alta de 0,10% (varia\u00e7\u00e3o de 1,20 ponto percentual); Alimenta\u00e7\u00e3o (de 0,34% para 0,83%); Sa\u00fade e Cuidados Pessoais (de -0,17% para 0,29%); e Vestu\u00e1rio (0,14% para 0,70%).<\/p>\n<p>Educa\u00e7\u00e3o, Leitura e Recrea\u00e7\u00e3o passou de uma alta de 0,27% para 0,66% e Despesas Diversas de 0,03% para 0,09%. Nestes grupos, os destaques partiram dos itens tarifa de eletricidade residencial (-6,04% para -1,05%), latic\u00ednios (-4,76% para -3,19%), artigos de higiene e cuidado pessoal (-1,10% para 0,36%) e roupas (0,29% para 0,87%).<\/p>\n<p>Em contrapartida, fecharam com desacelera\u00e7\u00e3o de pre\u00e7os os grupos Transportes (de -0,42% para -0,52%) e Comunica\u00e7\u00e3o (de 0,07% para -0,02%). Nestas classes de despesa, destacam-se os itens gasolina (-2,96% para -4,43%) e pacotes de telefonia fixa e internet (0,63% para 0,00%).<\/p>\n<p>06\/01\/2019<br \/>\nPor Nielmar de Oliveira &#8211; Rep\u00f3rter da Ag\u00eancia Brasil<br \/>\nEdi\u00e7\u00e3o: Val\u00e9ria Aguiar<br \/>\nhttp:\/\/agenciabrasil.ebc.com.br\/economia<\/p>\n","protected":false},"excerpt":{"rendered":"<p>O \u00cdndice de Pre\u00e7os ao Consumidor &#8211; Classe 1 (IPC-C1), que diz respeito \u00e0s fam\u00edlias de menor renda (1 a 2,5 sal\u00e1rios m\u00ednimos) fechou o m\u00eas de dezembro com alta de 0,32%, ficando 0,57 ponto percentual acima da taxa de novembro, quando o \u00edndice fechou com defla\u00e7\u00e3o (infla\u00e7\u00e3o negativa) de 0,25%. Com o resultado, o [&hellip;]<\/p>\n","protected":false},"author":2,"featured_media":148565,"comment_status":"open","ping_status":"closed","sticky":false,"template":"","format":"standard","meta":{"tdm_status":"","tdm_grid_status":"","footnotes":""},"categories":[22,388,7],"tags":[],"class_list":{"0":"post-164655","1":"post","2":"type-post","3":"status-publish","4":"format-standard","5":"has-post-thumbnail","7":"category-brasil","8":"category-destaques","9":"category-economia"},"_links":{"self":[{"href":"https:\/\/migracao.redenoticia.com.br\/noticia\/wp-json\/wp\/v2\/posts\/164655","targetHints":{"allow":["GET"]}}],"collection":[{"href":"https:\/\/migracao.redenoticia.com.br\/noticia\/wp-json\/wp\/v2\/posts"}],"about":[{"href":"https:\/\/migracao.redenoticia.com.br\/noticia\/wp-json\/wp\/v2\/types\/post"}],"author":[{"embeddable":true,"href":"https:\/\/migracao.redenoticia.com.br\/noticia\/wp-json\/wp\/v2\/users\/2"}],"replies":[{"embeddable":true,"href":"https:\/\/migracao.redenoticia.com.br\/noticia\/wp-json\/wp\/v2\/comments?post=164655"}],"version-history":[{"count":0,"href":"https:\/\/migracao.redenoticia.com.br\/noticia\/wp-json\/wp\/v2\/posts\/164655\/revisions"}],"wp:featuredmedia":[{"embeddable":true,"href":"https:\/\/migracao.redenoticia.com.br\/noticia\/wp-json\/wp\/v2\/media\/148565"}],"wp:attachment":[{"href":"https:\/\/migracao.redenoticia.com.br\/noticia\/wp-json\/wp\/v2\/media?parent=164655"}],"wp:term":[{"taxonomy":"category","embeddable":true,"href":"https:\/\/migracao.redenoticia.com.br\/noticia\/wp-json\/wp\/v2\/categories?post=164655"},{"taxonomy":"post_tag","embeddable":true,"href":"https:\/\/migracao.redenoticia.com.br\/noticia\/wp-json\/wp\/v2\/tags?post=164655"}],"curies":[{"name":"wp","href":"https:\/\/api.w.org\/{rel}","templated":true}]}}