{"id":164667,"date":"2019-01-07T01:27:48","date_gmt":"2019-01-07T03:27:48","guid":{"rendered":"https:\/\/www.redenoticia.com.br\/noticia\/?p=164667"},"modified":"2019-01-07T03:04:13","modified_gmt":"2019-01-07T05:04:13","slug":"novela-o-setimo-guardiao-gabriel-desafia-roberio","status":"publish","type":"post","link":"https:\/\/migracao.redenoticia.com.br\/noticia\/2019\/novela-o-setimo-guardiao-gabriel-desafia-roberio\/164667","title":{"rendered":"Novela \u201cO S\u00e9timo Guardi\u00e3o\u201d: Gabriel desafia Rob\u00e9rio"},"content":{"rendered":"<p><img loading=\"lazy\" decoding=\"async\" class=\"aligncenter size-large wp-image-159064\" src=\"https:\/\/migracao.redenoticia.com.br\/noticia\/imagens\/o-setimo-guardiao-121-334x300.jpg\" alt=\"\" width=\"334\" height=\"300\" srcset=\"https:\/\/migracao.redenoticia.com.br\/noticia\/imagens\/o-setimo-guardiao-121-334x300.jpg 334w, https:\/\/migracao.redenoticia.com.br\/noticia\/imagens\/o-setimo-guardiao-121-208x187.jpg 208w, https:\/\/migracao.redenoticia.com.br\/noticia\/imagens\/o-setimo-guardiao-121-150x135.jpg 150w, https:\/\/migracao.redenoticia.com.br\/noticia\/imagens\/o-setimo-guardiao-121.jpg 548w\" sizes=\"auto, (max-width: 334px) 100vw, 334px\" \/><strong><em>Novela &#8220;O S\u00e9timo Guardi\u00e3o\u201d:<\/em><\/strong> Gabriel (Bruno Gagliasso) concorda em passar o resto da vida no casar\u00e3o e pede para Rob\u00e9rio (Heitor Martinez) alegrar o jardim: \u201cO jardim t\u00e1 soturno demais! J\u00e1 basta a casa. L\u00e1 fora quero que pare\u00e7a mais alegre&#8230; Cada um tem seu jeito. Eu gosto de orqu\u00eddeas, por exemplo&#8230; quero que comece a montar um orquid\u00e1rio no terreno da casa\u201d.<\/p>\n<p>Rob\u00e9rio reclama, diz que orqu\u00eddea n\u00e3o cresce no jardim aberto, mas aceita o desafio e diz que vai providenciar uma lista de compras. A governanta pergunta se ele vai mudara decora\u00e7\u00e3o da casa e Gabriel diz que vai com calma. Cena prevista para janeiro na Novela \u201cO S\u00e9timo Guardi\u00e3o\u201d.<\/p>\n<p>Destaques <\/p>\n<p>Sinopse \u201cO S\u00e9timo Guardi\u00e3o\u201d: \u00c0 primeira vista, Serro Azul pode parecer apenas mais uma t\u00edpica cidade do interior, pacata e cercada por montanhas, onde avan\u00e7os tecnol\u00f3gicos como internet e telefonia celular ainda n\u00e3o chegaram. Um lugar pelo qual quem passa n\u00e3o d\u00e1 muita aten\u00e7\u00e3o, sem saber o que est\u00e1 perdendo, afinal, uma cidade que \u00e9 vizinha de Greenville e Tubiancanga n\u00e3o poderia deixar de ter suas peculiaridades. A principal delas \u00e9 uma fonte com propriedades curativas e rejuvenescedoras, que \u00e9 a parte mais externa de um gigantesco aqu\u00edfero, uma enorme reserva daquilo que a cada dia se torna o bem mais precioso da Terra: a \u00e1gua. Essa fonte \u00e9 protegida por sete guardi\u00e3es que t\u00eam como miss\u00e3o garantir que essa riqueza n\u00e3o chegue \u00e0s m\u00e3os erradas.<\/p>\n","protected":false},"excerpt":{"rendered":"<p>Novela &#8220;O S\u00e9timo Guardi\u00e3o\u201d: Gabriel (Bruno Gagliasso) concorda em passar o resto da vida no casar\u00e3o e pede para Rob\u00e9rio (Heitor Martinez) alegrar o jardim: \u201cO jardim t\u00e1 soturno demais! J\u00e1 basta a casa. L\u00e1 fora quero que pare\u00e7a mais alegre&#8230; Cada um tem seu jeito. Eu gosto de orqu\u00eddeas, por exemplo&#8230; quero que comece [&hellip;]<\/p>\n","protected":false},"author":2,"featured_media":154961,"comment_status":"open","ping_status":"closed","sticky":false,"template":"","format":"standard","meta":{"tdm_status":"","tdm_grid_status":"","footnotes":""},"categories":[388,379,530,375,343],"tags":[440],"class_list":{"0":"post-164667","1":"post","2":"type-post","3":"status-publish","4":"format-standard","5":"has-post-thumbnail","7":"category-destaques","8":"category-novelas","9":"category-o-setimo-guardiao","10":"category-rede-globo","11":"category-televisao","12":"tag-noticia-novela"},"_links":{"self":[{"href":"https:\/\/migracao.redenoticia.com.br\/noticia\/wp-json\/wp\/v2\/posts\/164667","targetHints":{"allow":["GET"]}}],"collection":[{"href":"https:\/\/migracao.redenoticia.com.br\/noticia\/wp-json\/wp\/v2\/posts"}],"about":[{"href":"https:\/\/migracao.redenoticia.com.br\/noticia\/wp-json\/wp\/v2\/types\/post"}],"author":[{"embeddable":true,"href":"https:\/\/migracao.redenoticia.com.br\/noticia\/wp-json\/wp\/v2\/users\/2"}],"replies":[{"embeddable":true,"href":"https:\/\/migracao.redenoticia.com.br\/noticia\/wp-json\/wp\/v2\/comments?post=164667"}],"version-history":[{"count":0,"href":"https:\/\/migracao.redenoticia.com.br\/noticia\/wp-json\/wp\/v2\/posts\/164667\/revisions"}],"wp:featuredmedia":[{"embeddable":true,"href":"https:\/\/migracao.redenoticia.com.br\/noticia\/wp-json\/wp\/v2\/media\/154961"}],"wp:attachment":[{"href":"https:\/\/migracao.redenoticia.com.br\/noticia\/wp-json\/wp\/v2\/media?parent=164667"}],"wp:term":[{"taxonomy":"category","embeddable":true,"href":"https:\/\/migracao.redenoticia.com.br\/noticia\/wp-json\/wp\/v2\/categories?post=164667"},{"taxonomy":"post_tag","embeddable":true,"href":"https:\/\/migracao.redenoticia.com.br\/noticia\/wp-json\/wp\/v2\/tags?post=164667"}],"curies":[{"name":"wp","href":"https:\/\/api.w.org\/{rel}","templated":true}]}}