{"id":164668,"date":"2019-01-17T01:29:36","date_gmt":"2019-01-17T03:29:36","guid":{"rendered":"https:\/\/www.redenoticia.com.br\/noticia\/?p=164668"},"modified":"2019-01-18T22:48:03","modified_gmt":"2019-01-19T00:48:03","slug":"novela-o-tempo-nao-para-juiz-ameaca-casamento-de-elmo-e-celine","status":"publish","type":"post","link":"https:\/\/migracao.redenoticia.com.br\/noticia\/2019\/novela-o-tempo-nao-para-juiz-ameaca-casamento-de-elmo-e-celine\/164668","title":{"rendered":"Novela \u201cO Tempo N\u00e3o Para\u201d: Juiz amea\u00e7a casamento de Elmo e Celine"},"content":{"rendered":"<p><img loading=\"lazy\" decoding=\"async\" src=\"https:\/\/migracao.redenoticia.com.br\/noticia\/imagens\/o-tempo-nao-para-novela-resumo-400x201.jpg\" alt=\"\" width=\"400\" height=\"201\" class=\"aligncenter size-large wp-image-148135\" srcset=\"https:\/\/migracao.redenoticia.com.br\/noticia\/imagens\/o-tempo-nao-para-novela-resumo-400x201.jpg 400w, https:\/\/migracao.redenoticia.com.br\/noticia\/imagens\/o-tempo-nao-para-novela-resumo-250x126.jpg 250w, https:\/\/migracao.redenoticia.com.br\/noticia\/imagens\/o-tempo-nao-para-novela-resumo-768x386.jpg 768w, https:\/\/migracao.redenoticia.com.br\/noticia\/imagens\/o-tempo-nao-para-novela-resumo-696x350.jpg 696w, https:\/\/migracao.redenoticia.com.br\/noticia\/imagens\/o-tempo-nao-para-novela-resumo-150x75.jpg 150w, https:\/\/migracao.redenoticia.com.br\/noticia\/imagens\/o-tempo-nao-para-novela-resumo.jpg 810w\" sizes=\"auto, (max-width: 400px) 100vw, 400px\" \/><strong><em>Novela \u201cO Tempo N\u00e3o Para\u201d:<\/em><\/strong> Elmo (Felipe Simas) e Celine (Maria Eduarda de Carvalho) decidem se casar no cart\u00f3rio e convidam todos os ex-congelados, al\u00e9m de Samuca (Nicolas Prattes), Paulina (Carol Macedo) e Eliseu (Milton Gon\u00e7alves). Quando chegam no local, o juiz reclama ao ver tantos convidados e amea\u00e7a limitar o espa\u00e7o. Celine diz que as pessoas s\u00e3o importantes e, se um deles sair, ela n\u00e3o casa. O juiz inicia a cerim\u00f4nia: &#8220;Est\u00e1 bem, est\u00e1 bem. Vou abrir uma exce\u00e7\u00e3o. Todos podem permanecer no recinto&#8230;A senhorita Celine Elizabeth Fielding est\u00e1 aqui para unir-se em uni\u00e3o civil com o senhor Elmo Viegas&#8230; \u00c9 por livre e espont\u00e2nea vontade que os dois aceitam se casar?&#8221;<\/p>\n<p>Os noivos brincam e respondem: &#8220;N\u00e3o, n\u00e3o aceito&#8221;, dir\u00e1 Elmo. &#8220;Nem eu tampouco&#8221;, responder\u00e1 Celine. O juiz continua: &#8220;Voc\u00eas podem assinar o livro de registros, oficializando essa uni\u00e3o?&#8221; Os noivos dizem que n\u00e3o, mas assinam. O juiz declara: &#8220;Apesar da estranheza dessa cerim\u00f4nia, pelos poderes a mim concedidos, eu os declaro marido e mulher!&#8221; Elmo e Celine se beijam. Cena prevista para 19 de janeiro na Novela \u201cO Tempo N\u00e3o Para\u201d.<\/p>\n<p>Destaques <\/p>\n<p>Sinopse \u201cO Tempo N\u00e3o Para\u201d: Anos de avan\u00e7os e descobertas que moldaram costumes, h\u00e1bitos e linguagens da sociedade contempor\u00e2nea v\u00e3o gerar um choque em uma abastada fam\u00edlia do s\u00e9culo XIX que desperta no s\u00e9culo XXI. Por 132 anos, os Sabino Machado e seus agregados ficaram congelados, dentro de um bloco de gelo, enquanto a vida l\u00e1 fora passava. Agora, v\u00e3o despertar em uma S\u00e3o Paulo pulsante e turbulenta e se deparar com a sociedade em pleno 2018. &#8220;O Tempo N\u00e3o Para&#8221;, nova novela das 7, \u00e9 escrita por Mario Teixeira e tem dire\u00e7\u00e3o art\u00edstica de Leonardo Nogueira. <\/p>\n","protected":false},"excerpt":{"rendered":"<p>Novela \u201cO Tempo N\u00e3o Para\u201d: Elmo (Felipe Simas) e Celine (Maria Eduarda de Carvalho) decidem se casar no cart\u00f3rio e convidam todos os ex-congelados, al\u00e9m de Samuca (Nicolas Prattes), Paulina (Carol Macedo) e Eliseu (Milton Gon\u00e7alves). Quando chegam no local, o juiz reclama ao ver tantos convidados e amea\u00e7a limitar o espa\u00e7o. Celine diz que [&hellip;]<\/p>\n","protected":false},"author":2,"featured_media":149484,"comment_status":"open","ping_status":"closed","sticky":false,"template":"","format":"standard","meta":{"tdm_status":"","tdm_grid_status":"","footnotes":""},"categories":[388,379,490,375,343],"tags":[440],"class_list":{"0":"post-164668","1":"post","2":"type-post","3":"status-publish","4":"format-standard","5":"has-post-thumbnail","7":"category-destaques","8":"category-novelas","9":"category-o-tempo-nao-para","10":"category-rede-globo","11":"category-televisao","12":"tag-noticia-novela"},"_links":{"self":[{"href":"https:\/\/migracao.redenoticia.com.br\/noticia\/wp-json\/wp\/v2\/posts\/164668","targetHints":{"allow":["GET"]}}],"collection":[{"href":"https:\/\/migracao.redenoticia.com.br\/noticia\/wp-json\/wp\/v2\/posts"}],"about":[{"href":"https:\/\/migracao.redenoticia.com.br\/noticia\/wp-json\/wp\/v2\/types\/post"}],"author":[{"embeddable":true,"href":"https:\/\/migracao.redenoticia.com.br\/noticia\/wp-json\/wp\/v2\/users\/2"}],"replies":[{"embeddable":true,"href":"https:\/\/migracao.redenoticia.com.br\/noticia\/wp-json\/wp\/v2\/comments?post=164668"}],"version-history":[{"count":0,"href":"https:\/\/migracao.redenoticia.com.br\/noticia\/wp-json\/wp\/v2\/posts\/164668\/revisions"}],"wp:featuredmedia":[{"embeddable":true,"href":"https:\/\/migracao.redenoticia.com.br\/noticia\/wp-json\/wp\/v2\/media\/149484"}],"wp:attachment":[{"href":"https:\/\/migracao.redenoticia.com.br\/noticia\/wp-json\/wp\/v2\/media?parent=164668"}],"wp:term":[{"taxonomy":"category","embeddable":true,"href":"https:\/\/migracao.redenoticia.com.br\/noticia\/wp-json\/wp\/v2\/categories?post=164668"},{"taxonomy":"post_tag","embeddable":true,"href":"https:\/\/migracao.redenoticia.com.br\/noticia\/wp-json\/wp\/v2\/tags?post=164668"}],"curies":[{"name":"wp","href":"https:\/\/api.w.org\/{rel}","templated":true}]}}