{"id":164704,"date":"2019-01-07T12:16:47","date_gmt":"2019-01-07T14:16:47","guid":{"rendered":"https:\/\/www.redenoticia.com.br\/noticia\/?p=164704"},"modified":"2019-01-07T14:53:07","modified_gmt":"2019-01-07T16:53:07","slug":"resumo-novela-as-aventuras-de-poliana-08-01-luisa-recebe-carta-anonima-com-ameaca","status":"publish","type":"post","link":"https:\/\/migracao.redenoticia.com.br\/noticia\/2019\/resumo-novela-as-aventuras-de-poliana-08-01-luisa-recebe-carta-anonima-com-ameaca\/164704","title":{"rendered":"Resumo novela \u201cAs Aventuras de Poliana\u201d 08\/01: Lu\u00edsa recebe carta com amea\u00e7a"},"content":{"rendered":"<p><strong><em><img loading=\"lazy\" decoding=\"async\" class=\"aligncenter size-large wp-image-148662\" src=\"https:\/\/migracao.redenoticia.com.br\/noticia\/imagens\/as-aventuras-de-poliana-novela-400x267.jpg\" alt=\"\" width=\"400\" height=\"267\" srcset=\"https:\/\/migracao.redenoticia.com.br\/noticia\/imagens\/as-aventuras-de-poliana-novela-400x267.jpg 400w, https:\/\/migracao.redenoticia.com.br\/noticia\/imagens\/as-aventuras-de-poliana-novela-250x167.jpg 250w, https:\/\/migracao.redenoticia.com.br\/noticia\/imagens\/as-aventuras-de-poliana-novela-150x100.jpg 150w, https:\/\/migracao.redenoticia.com.br\/noticia\/imagens\/as-aventuras-de-poliana-novela.jpg 600w\" sizes=\"auto, (max-width: 400px) 100vw, 400px\" \/>Resumo novela \u201cAs Aventuras de Poliana\u201d 08\/01 <\/em><\/strong>: no cap\u00edtulo 170(*) da novela, resumo de ter\u00e7a-feira, 08 de janeiro, a diretoria da escola fica em d\u00favida sobre se espera Bento aparecer ou chama outro aluno. Durval vai at\u00e9 a escola confrontar \u00c9ric sobre o besouro de Lorena. Nanci conta para Ant\u00f4nio que est\u00e1 apaixonada por Iuri. Poliana v\u00ea Kessya triste e conversa com ela para tentar descobrir o que houve e ajud\u00e1-la. Durval procura Ruth e pede para que \u00c9ric seja punido. Gabriela convida Brenda e Luca Tuber para fazerem parte da chapa dela.<\/p>\n<p>No trabalho, Waldisney d\u00e1 em cima de Joana e S\u00e9rgio se altera. Ruth conversa com \u00c9ric e se mostra decepcionada com ele, exigindo que ele se desculpe com Lorena. O menino, em vez de pedir desculpas, briga com Lorena por ela ter contado a hist\u00f3ria a Durval. A festinha de anivers\u00e1rio de Gael e Ben\u00edcio acontece. Lorena est\u00e1 muito triste e desabafa com Luigi sobre \u00c9ric. Vin\u00edcius confronta Jefferson sobre ele estar andando com os capangas de Rato. Poliana deseja entrar na chapa do gr\u00eamio de Mirela para deter as provoca\u00e7\u00f5es de \u00c9ric. Lu\u00edsa encontra no escrit\u00f3rio uma carta an\u00f4nima com uma amea\u00e7a e se desespera. Ela e Ant\u00f4nio v\u00e3o at\u00e9 a delegacia.<\/p>\n<p>Vin\u00edcius tenta convencer Jefferson a estudar na Ruth Goulart, sem sucesso. Arlete conta para Gleyce que viu Jefferson andando com os capangas de Rato. Na festa dos g\u00eameos, Durval conta para Poliana que Lu\u00edsa foi amea\u00e7ada. Gleyce encontra os celulares e confronta Jefferson. Claudia tenta falar com o pai de Gael e Ben\u00edcio, que n\u00e3o apareceu na festa. Jefferson deixa a sacola com os celulares roubados ao lado de um carro de pol\u00edcia.<\/p>\n<p>(*) edi\u00e7\u00e3o do SBT, Novela \u201cAs Aventuras de Poliana\u201d, sujeito a altera\u00e7\u00e3o de data e conte\u00fado.<\/p>\n<p>Poliana \u00e9 uma menina extrovertida e de bom cora\u00e7\u00e3o que viajava o Brasil com seus pais, Lorenzo e Alice, no grupo circense Trupe Vagalume. Aos onze anos a garota v\u00ea seu mundo desabar quando seus pais falecem e ela tem que ir morar em S\u00e3o Paulo com sua tia Lu\u00edsa, uma mulher rica e severa, a qual ela n\u00e3o conhecia e que n\u00e3o queria cuidar dela, embora sinta que \u00e9 sua obriga\u00e7\u00e3o pela alma de sua irm\u00e3. Apesar do jeito da rigidez da tia, Poliana decide ter uma vis\u00e3o positiva e inabal\u00e1vel da vida, mesmo nos momentos de dificuldade, tentando levar um pouco de felicidade para a vida de cada um dos seus novos amigos e vizinhos, como o Sr. Pendleton, um homem rico e infeliz por nunca ter tido filhos. Ela vai estudar no col\u00e9gio de Ruth, uma diretora de bom cora\u00e7\u00e3o que a ajuda a se adaptar, mas tem que lidar com as vilanias de Mirela, garota mais velha que n\u00e3o aceita perder a popularidade para uma novata.<\/p>\n","protected":false},"excerpt":{"rendered":"<p>Resumo novela \u201cAs Aventuras de Poliana\u201d 08\/01 : no cap\u00edtulo 170(*) da novela, resumo de ter\u00e7a-feira, 08 de janeiro, a diretoria da escola fica em d\u00favida sobre se espera Bento aparecer ou chama outro aluno. Durval vai at\u00e9 a escola confrontar \u00c9ric sobre o besouro de Lorena. Nanci conta para Ant\u00f4nio que est\u00e1 apaixonada por [&hellip;]<\/p>\n","protected":false},"author":4,"featured_media":148663,"comment_status":"open","ping_status":"closed","sticky":false,"template":"","format":"standard","meta":{"tdm_status":"","tdm_grid_status":"","footnotes":""},"categories":[477,379,372,343],"tags":[441],"class_list":{"0":"post-164704","1":"post","2":"type-post","3":"status-publish","4":"format-standard","5":"has-post-thumbnail","7":"category-as-aventuras-de-poliana","8":"category-novelas","9":"category-sbt","10":"category-televisao","11":"tag-resumo-do-dia"},"_links":{"self":[{"href":"https:\/\/migracao.redenoticia.com.br\/noticia\/wp-json\/wp\/v2\/posts\/164704","targetHints":{"allow":["GET"]}}],"collection":[{"href":"https:\/\/migracao.redenoticia.com.br\/noticia\/wp-json\/wp\/v2\/posts"}],"about":[{"href":"https:\/\/migracao.redenoticia.com.br\/noticia\/wp-json\/wp\/v2\/types\/post"}],"author":[{"embeddable":true,"href":"https:\/\/migracao.redenoticia.com.br\/noticia\/wp-json\/wp\/v2\/users\/4"}],"replies":[{"embeddable":true,"href":"https:\/\/migracao.redenoticia.com.br\/noticia\/wp-json\/wp\/v2\/comments?post=164704"}],"version-history":[{"count":0,"href":"https:\/\/migracao.redenoticia.com.br\/noticia\/wp-json\/wp\/v2\/posts\/164704\/revisions"}],"wp:featuredmedia":[{"embeddable":true,"href":"https:\/\/migracao.redenoticia.com.br\/noticia\/wp-json\/wp\/v2\/media\/148663"}],"wp:attachment":[{"href":"https:\/\/migracao.redenoticia.com.br\/noticia\/wp-json\/wp\/v2\/media?parent=164704"}],"wp:term":[{"taxonomy":"category","embeddable":true,"href":"https:\/\/migracao.redenoticia.com.br\/noticia\/wp-json\/wp\/v2\/categories?post=164704"},{"taxonomy":"post_tag","embeddable":true,"href":"https:\/\/migracao.redenoticia.com.br\/noticia\/wp-json\/wp\/v2\/tags?post=164704"}],"curies":[{"name":"wp","href":"https:\/\/api.w.org\/{rel}","templated":true}]}}