{"id":164839,"date":"2019-01-08T15:19:02","date_gmt":"2019-01-08T17:19:02","guid":{"rendered":"https:\/\/www.redenoticia.com.br\/noticia\/?p=164839"},"modified":"2019-01-08T15:34:08","modified_gmt":"2019-01-08T17:34:08","slug":"resumo-novela-as-aventuras-de-poliana-09-01-poliana-deseja-fazer-parte-da-chapa-de-mirela","status":"publish","type":"post","link":"https:\/\/migracao.redenoticia.com.br\/noticia\/2019\/resumo-novela-as-aventuras-de-poliana-09-01-poliana-deseja-fazer-parte-da-chapa-de-mirela\/164839","title":{"rendered":"Resumo novela \u201cAs Aventuras de Poliana\u201d 09\/01: Roger briga com Guilherme"},"content":{"rendered":"<p><strong><em><img loading=\"lazy\" decoding=\"async\" class=\"aligncenter size-large wp-image-148662\" src=\"https:\/\/migracao.redenoticia.com.br\/noticia\/imagens\/as-aventuras-de-poliana-novela-400x267.jpg\" alt=\"\" width=\"400\" height=\"267\" srcset=\"https:\/\/migracao.redenoticia.com.br\/noticia\/imagens\/as-aventuras-de-poliana-novela-400x267.jpg 400w, https:\/\/migracao.redenoticia.com.br\/noticia\/imagens\/as-aventuras-de-poliana-novela-250x167.jpg 250w, https:\/\/migracao.redenoticia.com.br\/noticia\/imagens\/as-aventuras-de-poliana-novela-150x100.jpg 150w, https:\/\/migracao.redenoticia.com.br\/noticia\/imagens\/as-aventuras-de-poliana-novela.jpg 600w\" sizes=\"auto, (max-width: 400px) 100vw, 400px\" \/>Resumo novela \u201cAs Aventuras de Poliana\u201d 09\/01 <\/em><\/strong>: no cap\u00edtulo 171(*) da novela, resumo de quarta-feira, 09 de janeiro, um policial encontra a sacola cheia de celulares. Ciro tenta conversar com Filipa sobre o dia dela na escola e ela o despreza. Marcelo encontra Lu\u00edsa saindo da delegacia e, ao descobrir o que houve, a abra\u00e7a. Afonso convence Lu\u00edsa a continuar dormindo na casa. Nanci encontra Iuri na padaria e ele a convida para tomar um caf\u00e9. Guilherme chega mais tarde em casa e Roger briga com ele. Gael e Ben\u00edcio perguntam para Claudia por que o pai deles n\u00e3o apareceu na festa. D\u00e9bora e Sophie v\u00e3o \u00e0 padaria e flagram Iuri e Nanci no maior papo.<\/p>\n<p>Durval conversa com Raquel sobre Afonso estar dormindo na casa de Lu\u00edsa e D\u00e9bora escuta. Durval se disp\u00f5e a contar hist\u00f3rias para Poliana dormir e Lu\u00edsa acha gra\u00e7a. Jefferson tranquiliza Kessya e diz que j\u00e1 resolveu a situa\u00e7\u00e3o com os celulares. D\u00e9bora procura os capangas de Rato e pede para eles darem um tempo no plano de assustar Lu\u00edsa. Ciro e Gleyce procuram Durval e ele conta que Jefferson anda se atrasando no trabalho e o deixando \u201cna m\u00e3o\u201d. Lu\u00edsa escuta Afonso contando a hist\u00f3ria para Poliana por tr\u00e1s da porta e se diverte muito.<\/p>\n<p>Sophie pergunta para Iuri quem era a mo\u00e7a com ela na padaria, se mostrando enciumada. Nanci conta para Ant\u00f4nio que ir\u00e1 se encontrar com Iuri na hora do almo\u00e7o. M\u00e1rio, Ben\u00edcio e Gael tentam descobrir por que Lorena anda t\u00e3o triste. Poliana, Jo\u00e3o, Luigi e Kessya decidem tentar fazer parte da chapa de Mirela. Lorena leva um novo inseto, \u201cMirian\u201d, para a escola e os meninos observam de longe. Gl\u00f3ria pergunta para Marcelo se ele ainda pensa em ter filhos e diz para ele que D\u00e9bora n\u00e3o \u00e9 a mulher ideal para que ele construa uma fam\u00edlia. Mirela, Guilherme e Raquel decidem o nome da chapa. M\u00e1rio, Gael e Ben\u00edcio confrontam \u00c9ric.<\/p>\n<p>(*) edi\u00e7\u00e3o do SBT, Novela \u201cAs Aventuras de Poliana\u201d, sujeito a altera\u00e7\u00e3o de data e conte\u00fado.<\/p>\n<p>Poliana \u00e9 uma menina extrovertida e de bom cora\u00e7\u00e3o que viajava o Brasil com seus pais, Lorenzo e Alice, no grupo circense Trupe Vagalume. Aos onze anos a garota v\u00ea seu mundo desabar quando seus pais falecem e ela tem que ir morar em S\u00e3o Paulo com sua tia Lu\u00edsa, uma mulher rica e severa, a qual ela n\u00e3o conhecia e que n\u00e3o queria cuidar dela, embora sinta que \u00e9 sua obriga\u00e7\u00e3o pela alma de sua irm\u00e3. Apesar do jeito da rigidez da tia, Poliana decide ter uma vis\u00e3o positiva e inabal\u00e1vel da vida, mesmo nos momentos de dificuldade, tentando levar um pouco de felicidade para a vida de cada um dos seus novos amigos e vizinhos, como o Sr. Pendleton, um homem rico e infeliz por nunca ter tido filhos. Ela vai estudar no col\u00e9gio de Ruth, uma diretora de bom cora\u00e7\u00e3o que a ajuda a se adaptar, mas tem que lidar com as vilanias de Mirela, garota mais velha que n\u00e3o aceita perder a popularidade para uma novata.<\/p>\n","protected":false},"excerpt":{"rendered":"<p>Resumo novela \u201cAs Aventuras de Poliana\u201d 09\/01 : no cap\u00edtulo 171(*) da novela, resumo de quarta-feira, 09 de janeiro, um policial encontra a sacola cheia de celulares. Ciro tenta conversar com Filipa sobre o dia dela na escola e ela o despreza. Marcelo encontra Lu\u00edsa saindo da delegacia e, ao descobrir o que houve, a [&hellip;]<\/p>\n","protected":false},"author":4,"featured_media":148663,"comment_status":"open","ping_status":"closed","sticky":false,"template":"","format":"standard","meta":{"tdm_status":"","tdm_grid_status":"","footnotes":""},"categories":[477,379,372,343],"tags":[441],"class_list":{"0":"post-164839","1":"post","2":"type-post","3":"status-publish","4":"format-standard","5":"has-post-thumbnail","7":"category-as-aventuras-de-poliana","8":"category-novelas","9":"category-sbt","10":"category-televisao","11":"tag-resumo-do-dia"},"_links":{"self":[{"href":"https:\/\/migracao.redenoticia.com.br\/noticia\/wp-json\/wp\/v2\/posts\/164839","targetHints":{"allow":["GET"]}}],"collection":[{"href":"https:\/\/migracao.redenoticia.com.br\/noticia\/wp-json\/wp\/v2\/posts"}],"about":[{"href":"https:\/\/migracao.redenoticia.com.br\/noticia\/wp-json\/wp\/v2\/types\/post"}],"author":[{"embeddable":true,"href":"https:\/\/migracao.redenoticia.com.br\/noticia\/wp-json\/wp\/v2\/users\/4"}],"replies":[{"embeddable":true,"href":"https:\/\/migracao.redenoticia.com.br\/noticia\/wp-json\/wp\/v2\/comments?post=164839"}],"version-history":[{"count":0,"href":"https:\/\/migracao.redenoticia.com.br\/noticia\/wp-json\/wp\/v2\/posts\/164839\/revisions"}],"wp:featuredmedia":[{"embeddable":true,"href":"https:\/\/migracao.redenoticia.com.br\/noticia\/wp-json\/wp\/v2\/media\/148663"}],"wp:attachment":[{"href":"https:\/\/migracao.redenoticia.com.br\/noticia\/wp-json\/wp\/v2\/media?parent=164839"}],"wp:term":[{"taxonomy":"category","embeddable":true,"href":"https:\/\/migracao.redenoticia.com.br\/noticia\/wp-json\/wp\/v2\/categories?post=164839"},{"taxonomy":"post_tag","embeddable":true,"href":"https:\/\/migracao.redenoticia.com.br\/noticia\/wp-json\/wp\/v2\/tags?post=164839"}],"curies":[{"name":"wp","href":"https:\/\/api.w.org\/{rel}","templated":true}]}}