{"id":164844,"date":"2019-01-08T15:21:31","date_gmt":"2019-01-08T17:21:31","guid":{"rendered":"https:\/\/www.redenoticia.com.br\/noticia\/?p=164844"},"modified":"2019-01-08T15:34:43","modified_gmt":"2019-01-08T17:34:43","slug":"resumo-novela-belissima-09-01-nikos-revela-a-cemil-que-e-pai-dele","status":"publish","type":"post","link":"https:\/\/migracao.redenoticia.com.br\/noticia\/2019\/resumo-novela-belissima-09-01-nikos-revela-a-cemil-que-e-pai-dele\/164844","title":{"rendered":"Resumo novela \u201cBel\u00edssima\u201d 09\/01: Nikos revela a Cemil que \u00e9 seu pai"},"content":{"rendered":"<p><strong><em><img loading=\"lazy\" decoding=\"async\" class=\"aligncenter size-large wp-image-153839\" src=\"https:\/\/migracao.redenoticia.com.br\/noticia\/imagens\/belissima-02-400x236.jpg\" alt=\"\" width=\"400\" height=\"236\" srcset=\"https:\/\/migracao.redenoticia.com.br\/noticia\/imagens\/belissima-02-400x236.jpg 400w, https:\/\/migracao.redenoticia.com.br\/noticia\/imagens\/belissima-02-250x147.jpg 250w, https:\/\/migracao.redenoticia.com.br\/noticia\/imagens\/belissima-02-696x410.jpg 696w, https:\/\/migracao.redenoticia.com.br\/noticia\/imagens\/belissima-02-150x88.jpg 150w, https:\/\/migracao.redenoticia.com.br\/noticia\/imagens\/belissima-02.jpg 730w\" sizes=\"auto, (max-width: 400px) 100vw, 400px\" \/>Resumo novela \u201cBel\u00edssima\u201d 09\/01 <\/em><\/strong>: no cap\u00edtulo 154(*) da novela, resumo de quarta-feira, 09 de janeiro, Murat diz a Bia que ela nunca mais poder\u00e1 prejudicar sua fam\u00edlia. Bia fala para Murat que ele sempre ser\u00e1 assombrado pelo fantasma do filho que foi abandonado. Tosca conversa com uma promoter chamada Marta, que diz que, por algum dinheiro, ela poder\u00e1 garantir a presen\u00e7a de famosos na inaugura\u00e7\u00e3o de sua churrascaria. Vit\u00f3ria aconselha Safira a aceitar Pascoal como ele \u00e9. J\u00falia fala para Cemil que vai lhe oferecer um novo cargo, na sede da Bel\u00edssima. M\u00f4nica fica indignada ao saber que Alberto demitiu Cemil e diz um monte de desaforos para ele. Alberto fica furioso ao saber que J\u00falia quer dar outro emprego a Cemil.<\/p>\n<p>Vit\u00f3ria pede que Gilberto leve Cris para almo\u00e7ar em seu restaurante para que elas possam se conhecer. Katina revela a Murat que Tosca lhe disse que Bia teve uma menina. Cris se comporta de maneira muito estranha e diz a Vit\u00f3ria que n\u00e3o quer que seu pai namore ningu\u00e9m. Mary e Guida acham que Carlos Manga desistiu de dirigir o show e convidam Abelardo Figueiredo. Carlos Manga vai at\u00e9 a casa de Mary. Mary e Guida desmaiam ao v\u00ea-lo. Gigi pede que Bia se apresse em separar J\u00falia de Nikos. Safira pede para conversar com Pascoal, mas ele se recusa a v\u00ea-la. Murat diz a Gilberto que quer encontrar o filho que teve com Bia. Na frente de Katina, Nikos revela a Cemil que \u00e9 pai dele.<\/p>\n<p>(*) edi\u00e7\u00e3o da Rede Globo, Novela \u201cBel\u00edssima\u201d, sujeito a altera\u00e7\u00e3o de data e conte\u00fado.<\/p>\n<p>Simp\u00e1tica, bem-sucedida e discreta, J\u00falia Assump\u00e7\u00e3o \u00e9 presidente da Bel\u00edssima, refer\u00eancia mundial no setor de roupas \u00edntimas. Sua av\u00f3, Bia Falc\u00e3o, a pressiona para se tornar parecida com a m\u00e3e, Stella Assump\u00e7\u00e3o \u2013 que foi uma modelo bastante famosa, mito de beleza na d\u00e9cada de 1960. Fundadora da marca Bel\u00edssima, Stella morreu em um acidente de avi\u00e3o junto com seu marido, deixando \u00f3rf\u00e3os J\u00falia e Pedro. Desde ent\u00e3o, Bia Falc\u00e3o se tornou respons\u00e1vel pelos dois, tendo-os criado. At\u00e9 hoje tenta controlar a vida deles. Em casa, J\u00falia s\u00f3 encontra apoio no tio, Argemiro Falc\u00e3o, vulgo Gigi, e na governanta, Matilde. Bia faz de tudo para J\u00falia se sentir culpada pela morte dos pais.<\/p>\n<p>A vil\u00e3 far\u00e1 de tudo para acabar com os romances de Pedro com Vit\u00f3ria, uma ex- menina de rua que ele escolheu para ser sua esposa, com quem tem uma filha, e Vit\u00f3ria ser\u00e1 perseguida pela vil\u00e3 durante toda a trama, por\u00e9m, sem perder a fibra e a coragem; e de J\u00falia com Andr\u00e9 Santana. Este, apesar de n\u00e3o parecer inicialmente, \u00e9 um grande e terr\u00edvel vil\u00e3o, diab\u00f3lico e ambicioso, que almeja ser dono da Bel\u00edssima em conjunto com seu pai, Aquilino Santana, o seu Quiqui, que aparenta ser um bom velhinho, mas \u00e9, na verdade, um bandido da pior esp\u00e9cie, ex-matador de aluguel. Andr\u00e9 vai se envolver com J\u00falia e com a filha de J\u00falia, \u00c9rica, uma mulher f\u00fatil e perversa como a bisav\u00f3 Bia Falc\u00e3o. \u00c9rica \u00e9 aspirante a modelo.<\/p>\n","protected":false},"excerpt":{"rendered":"<p>Resumo novela \u201cBel\u00edssima\u201d 09\/01 : no cap\u00edtulo 154(*) da novela, resumo de quarta-feira, 09 de janeiro, Murat diz a Bia que ela nunca mais poder\u00e1 prejudicar sua fam\u00edlia. Bia fala para Murat que ele sempre ser\u00e1 assombrado pelo fantasma do filho que foi abandonado. Tosca conversa com uma promoter chamada Marta, que diz que, por [&hellip;]<\/p>\n","protected":false},"author":4,"featured_media":148654,"comment_status":"open","ping_status":"closed","sticky":false,"template":"","format":"standard","meta":{"tdm_status":"","tdm_grid_status":"","footnotes":""},"categories":[485,379,375,343],"tags":[441],"class_list":{"0":"post-164844","1":"post","2":"type-post","3":"status-publish","4":"format-standard","5":"has-post-thumbnail","7":"category-belissima","8":"category-novelas","9":"category-rede-globo","10":"category-televisao","11":"tag-resumo-do-dia"},"_links":{"self":[{"href":"https:\/\/migracao.redenoticia.com.br\/noticia\/wp-json\/wp\/v2\/posts\/164844","targetHints":{"allow":["GET"]}}],"collection":[{"href":"https:\/\/migracao.redenoticia.com.br\/noticia\/wp-json\/wp\/v2\/posts"}],"about":[{"href":"https:\/\/migracao.redenoticia.com.br\/noticia\/wp-json\/wp\/v2\/types\/post"}],"author":[{"embeddable":true,"href":"https:\/\/migracao.redenoticia.com.br\/noticia\/wp-json\/wp\/v2\/users\/4"}],"replies":[{"embeddable":true,"href":"https:\/\/migracao.redenoticia.com.br\/noticia\/wp-json\/wp\/v2\/comments?post=164844"}],"version-history":[{"count":0,"href":"https:\/\/migracao.redenoticia.com.br\/noticia\/wp-json\/wp\/v2\/posts\/164844\/revisions"}],"wp:featuredmedia":[{"embeddable":true,"href":"https:\/\/migracao.redenoticia.com.br\/noticia\/wp-json\/wp\/v2\/media\/148654"}],"wp:attachment":[{"href":"https:\/\/migracao.redenoticia.com.br\/noticia\/wp-json\/wp\/v2\/media?parent=164844"}],"wp:term":[{"taxonomy":"category","embeddable":true,"href":"https:\/\/migracao.redenoticia.com.br\/noticia\/wp-json\/wp\/v2\/categories?post=164844"},{"taxonomy":"post_tag","embeddable":true,"href":"https:\/\/migracao.redenoticia.com.br\/noticia\/wp-json\/wp\/v2\/tags?post=164844"}],"curies":[{"name":"wp","href":"https:\/\/api.w.org\/{rel}","templated":true}]}}