{"id":164892,"date":"2019-01-08T23:55:27","date_gmt":"2019-01-09T01:55:27","guid":{"rendered":"https:\/\/www.redenoticia.com.br\/noticia\/?p=164892"},"modified":"2019-01-08T18:21:00","modified_gmt":"2019-01-08T20:21:00","slug":"dicas-para-evitar-afogamentos","status":"publish","type":"post","link":"https:\/\/migracao.redenoticia.com.br\/noticia\/2019\/dicas-para-evitar-afogamentos\/164892","title":{"rendered":"Dicas para evitar afogamentos"},"content":{"rendered":"<p> No Ver\u00e3o, a combina\u00e7\u00e3o de altas temperaturas com maior quantidade de banhistas pode ajudar a aumentar o n\u00famero de casos de <strong><em>afogamentos<\/em><\/strong> em praias, rios e piscinas. De acordo com levantamento da Secretaria da Sa\u00fade, duas pessoas morrem por dia no Estado, v\u00edtimas de acidentes do tipo.<\/p>\n<p>Metade das ocorr\u00eancias est\u00e3o relacionadas com adultos entre 20 e 49 anos. Para evitar riscos desnecess\u00e1rios, observe os seguintes cuidados:<\/p>\n<p>1 \u2013 Aten\u00e7\u00e3o \u00e0s placas de sinaliza\u00e7\u00e3o do Corpo de Bombeiros nos locais de maior perigo. Entre na \u00e1gua apenas nos pontos mais seguros;<\/p>\n<p>2 \u2013 No mar e rios, onde houver correnteza, n\u00e3o ultrapasse a linha da cintura para n\u00e3o ser surpreendido por depress\u00f5es no solo, ondas e correntes inesperadas;<\/p>\n<p>3 \u2013 Se for para o fundo n\u00e3o dispense o uso de boia e jamais a abandone, mesmo em momentos de maior controle;<\/p>\n<p>4 \u2013 Em caso de perigo, tente manter a calma e n\u00e3o nade contra a correnteza. Sinalize com os bra\u00e7os para pedir ajuda e tente boiar;<\/p>\n<p>5 \u2013 Nos rios, caso perca o controle, nade no mesmo sentido da correnteza, tente ficar mais pr\u00f3ximo das laterais e procure se aproximar lentamente das margens;<\/p>\n<p>6 \u2013 Evite mergulhar de cabe\u00e7a em dep\u00f3sitos naturais de \u00e1gua, pois o fundo est\u00e1 em constante transforma\u00e7\u00e3o. O choque pode provocar desmaios e traumas de s\u00e9rias consequ\u00eancias para a coluna cervical;<\/p>\n<p>7 \u2013 N\u00e3o entre na \u00e1gua se estiver alcoolizado. O uso de bebidas alco\u00f3licas tira o senso de perigo e exp\u00f5e a pessoa a riscos desnecess\u00e1rios;<\/p>\n<p>8 \u2013 Mergulhe sempre na companhia de outras pessoas que possam auxili\u00e1-lo quando preciso;<\/p>\n<p>9 \u2013 Evite ou redobre a aten\u00e7\u00e3o com os mergulhos noturnos em mares e rios, pois h\u00e1 riscos de ficar preso em redes de pesca e a visibilidade do ambiente fica comprometida;<\/p>\n<p>10 \u2013 Muita aten\u00e7\u00e3o com as crian\u00e7as: designe uma pessoa espec\u00edfica para tomar conta delas. Essa pessoa deve evitar o consumo de bebida alco\u00f3lica e se concentrar exclusivamente no cuidado \u00e0s crian\u00e7as;<\/p>\n<p>11 \u2013 N\u00e3o confie na falsa impress\u00e3o de seguran\u00e7a que comumente os pais t\u00eam com o uso de boias e com a presen\u00e7a de outros banhistas conhecidos em torno da piscina;<\/p>\n<p>12 \u2013 N\u00e3o descuide das crian\u00e7as, mesmo com a presen\u00e7a de um salva-vidas. Lembre-se que, nessa \u00e9poca, eles t\u00eam uma grande quantidade de banhistas para cuidar. Al\u00e9m disso, a vis\u00e3o deles pode ser prejudicada pelo \u00e2ngulo ou pela movimenta\u00e7\u00e3o de pessoas.<\/p>\n<p>Do Portal do Governo SP<br \/>\nhttp:\/\/www.saopaulo.sp.gov.br\/spnoticias\/ultimas-noticias\/<\/p>\n","protected":false},"excerpt":{"rendered":"<p>No Ver\u00e3o, a combina\u00e7\u00e3o de altas temperaturas com maior quantidade de banhistas pode ajudar a aumentar o n\u00famero de casos de afogamentos em praias, rios e piscinas. De acordo com levantamento da Secretaria da Sa\u00fade, duas pessoas morrem por dia no Estado, v\u00edtimas de acidentes do tipo. Metade das ocorr\u00eancias est\u00e3o relacionadas com adultos entre [&hellip;]<\/p>\n","protected":false},"author":2,"featured_media":148285,"comment_status":"open","ping_status":"closed","sticky":false,"template":"","format":"standard","meta":{"tdm_status":"","tdm_grid_status":"","footnotes":""},"categories":[22,388,5],"tags":[],"class_list":{"0":"post-164892","1":"post","2":"type-post","3":"status-publish","4":"format-standard","5":"has-post-thumbnail","7":"category-brasil","8":"category-destaques","9":"category-saude-e-vida"},"_links":{"self":[{"href":"https:\/\/migracao.redenoticia.com.br\/noticia\/wp-json\/wp\/v2\/posts\/164892","targetHints":{"allow":["GET"]}}],"collection":[{"href":"https:\/\/migracao.redenoticia.com.br\/noticia\/wp-json\/wp\/v2\/posts"}],"about":[{"href":"https:\/\/migracao.redenoticia.com.br\/noticia\/wp-json\/wp\/v2\/types\/post"}],"author":[{"embeddable":true,"href":"https:\/\/migracao.redenoticia.com.br\/noticia\/wp-json\/wp\/v2\/users\/2"}],"replies":[{"embeddable":true,"href":"https:\/\/migracao.redenoticia.com.br\/noticia\/wp-json\/wp\/v2\/comments?post=164892"}],"version-history":[{"count":0,"href":"https:\/\/migracao.redenoticia.com.br\/noticia\/wp-json\/wp\/v2\/posts\/164892\/revisions"}],"wp:featuredmedia":[{"embeddable":true,"href":"https:\/\/migracao.redenoticia.com.br\/noticia\/wp-json\/wp\/v2\/media\/148285"}],"wp:attachment":[{"href":"https:\/\/migracao.redenoticia.com.br\/noticia\/wp-json\/wp\/v2\/media?parent=164892"}],"wp:term":[{"taxonomy":"category","embeddable":true,"href":"https:\/\/migracao.redenoticia.com.br\/noticia\/wp-json\/wp\/v2\/categories?post=164892"},{"taxonomy":"post_tag","embeddable":true,"href":"https:\/\/migracao.redenoticia.com.br\/noticia\/wp-json\/wp\/v2\/tags?post=164892"}],"curies":[{"name":"wp","href":"https:\/\/api.w.org\/{rel}","templated":true}]}}