{"id":164898,"date":"2019-01-08T23:58:12","date_gmt":"2019-01-09T01:58:12","guid":{"rendered":"https:\/\/www.redenoticia.com.br\/noticia\/?p=164898"},"modified":"2019-01-08T18:29:20","modified_gmt":"2019-01-08T20:29:20","slug":"cesta-basica-subiu-em-todas-as-capitais-pesquisadas-pelo-dieese","status":"publish","type":"post","link":"https:\/\/migracao.redenoticia.com.br\/noticia\/2019\/cesta-basica-subiu-em-todas-as-capitais-pesquisadas-pelo-dieese\/164898","title":{"rendered":"Cesta b\u00e1sica subiu em todas as capitais pesquisadas pelo Dieese"},"content":{"rendered":"<p> No ano passado, o pre\u00e7o da <strong><em>cesta b\u00e1sica<\/em><\/strong> subiu nas 18 capitais pesquisadas pelo Departamento Intersindical de Estat\u00edstica e Estudos Socioecon\u00f4micos (Dieese). A informa\u00e7\u00e3o foi divulgada pelo Dieese. De acordo com a institui\u00e7\u00e3o, entre dezembro de 2017 e dezembro do ano passado, as maiores altas ocorreram em Campo Grande (15,46%), Bras\u00edlia (14,76%) e Belo Horizonte (13,03%) e as menores, em Recife (2,53%) e Natal (3,09%).<\/p>\n<p>Os pre\u00e7os que mais subiram nesse per\u00edodo foram os do leite integral, tomate, p\u00e3o franc\u00eas, da carne bovina de primeira, do arroz agulhinha e da batata. As maiores quedas foram registradas no caf\u00e9 em p\u00f3 e no a\u00e7\u00facar.<\/p>\n<p>Dezembro<br \/>\nConsiderando apenas o m\u00eas de dezembro, o valor da cesta b\u00e1sica aumentou em 15 das 18 capitais pesquisadas pelo Dieese. Os pre\u00e7os subiram mais em Goi\u00e2nia (5,65%), Salvador (4,13%) e Natal (2,77%). Houve queda de pre\u00e7o em Fortaleza (-3,48%), Vit\u00f3ria (-1,17%) e S\u00e3o Luis (-0,40%).<\/p>\n<p>No m\u00eas passado, a cesta mais cara foi a de S\u00e3o Paulo, que custava, em m\u00e9dia, R$ 471,44. Em seguida aparecem, as do Rio de Janeiro (R$ 466,75), de Porto Alegre (R$ 464,72) e de Florian\u00f3polis (R$ 457,82). Os menores valores m\u00e9dios de cestas b\u00e1sicas foram observados em Recife (R$ 340,57), Natal (R$ 341,40) e Salvador (R$ 343,82).<\/p>\n<p>Em novembro e dezembro do ano passado, o pre\u00e7o da batata subiu em todas as capitais analisadas, porque o clima seco prejudicou a produ\u00e7\u00e3o no centro-sul do pa\u00eds. O \u00f3leo de soja subiu em 16 das 18 capitais pesquisadas porque parte do \u00f3leo bruto foi usada para fabrica\u00e7\u00e3o do biodiesel. O pre\u00e7o da carne bovina de primeira, que est\u00e1 em per\u00edodo de entressafra e bateu recorde de exporta\u00e7\u00e3o, subiu em 15 cidades. J\u00e1 o do leite integral caiu em 17 cidades por causa da oferta crescente.<\/p>\n<p>Sal\u00e1rio m\u00ednimo<br \/>\nCom base na cesta mais cara do pa\u00eds \u2013 a de S\u00e3o Paulo \u2013 o Dieese calculou em R$ 3.960,57 o valor do sal\u00e1rio m\u00ednimo necess\u00e1rio em dezembro para suprir as despesas de um trabalhador e sua fam\u00edlia com alimenta\u00e7\u00e3o, moradia, sa\u00fade, educa\u00e7\u00e3o, vestu\u00e1rio, higiene, transporte, lazer e previd\u00eancia. O valor equivale a 4,15 vezes o sal\u00e1rio m\u00ednimo vigente em dezembro (R$ 954).<\/p>\n<p>08\/01\/2019<br \/>\nPor Elaine Patricia Cruz &#8211; Rep\u00f3rter da Ag\u00eancia Brasil<br \/>\nEdi\u00e7\u00e3o: N\u00e1dia Franco<br \/>\nhttp:\/\/agenciabrasil.ebc.com.br\/economia<\/p>\n","protected":false},"excerpt":{"rendered":"<p>No ano passado, o pre\u00e7o da cesta b\u00e1sica subiu nas 18 capitais pesquisadas pelo Departamento Intersindical de Estat\u00edstica e Estudos Socioecon\u00f4micos (Dieese). A informa\u00e7\u00e3o foi divulgada pelo Dieese. De acordo com a institui\u00e7\u00e3o, entre dezembro de 2017 e dezembro do ano passado, as maiores altas ocorreram em Campo Grande (15,46%), Bras\u00edlia (14,76%) e Belo Horizonte [&hellip;]<\/p>\n","protected":false},"author":2,"featured_media":148277,"comment_status":"open","ping_status":"closed","sticky":false,"template":"","format":"standard","meta":{"tdm_status":"","tdm_grid_status":"","footnotes":""},"categories":[22,388,7],"tags":[],"class_list":{"0":"post-164898","1":"post","2":"type-post","3":"status-publish","4":"format-standard","5":"has-post-thumbnail","7":"category-brasil","8":"category-destaques","9":"category-economia"},"_links":{"self":[{"href":"https:\/\/migracao.redenoticia.com.br\/noticia\/wp-json\/wp\/v2\/posts\/164898","targetHints":{"allow":["GET"]}}],"collection":[{"href":"https:\/\/migracao.redenoticia.com.br\/noticia\/wp-json\/wp\/v2\/posts"}],"about":[{"href":"https:\/\/migracao.redenoticia.com.br\/noticia\/wp-json\/wp\/v2\/types\/post"}],"author":[{"embeddable":true,"href":"https:\/\/migracao.redenoticia.com.br\/noticia\/wp-json\/wp\/v2\/users\/2"}],"replies":[{"embeddable":true,"href":"https:\/\/migracao.redenoticia.com.br\/noticia\/wp-json\/wp\/v2\/comments?post=164898"}],"version-history":[{"count":0,"href":"https:\/\/migracao.redenoticia.com.br\/noticia\/wp-json\/wp\/v2\/posts\/164898\/revisions"}],"wp:featuredmedia":[{"embeddable":true,"href":"https:\/\/migracao.redenoticia.com.br\/noticia\/wp-json\/wp\/v2\/media\/148277"}],"wp:attachment":[{"href":"https:\/\/migracao.redenoticia.com.br\/noticia\/wp-json\/wp\/v2\/media?parent=164898"}],"wp:term":[{"taxonomy":"category","embeddable":true,"href":"https:\/\/migracao.redenoticia.com.br\/noticia\/wp-json\/wp\/v2\/categories?post=164898"},{"taxonomy":"post_tag","embeddable":true,"href":"https:\/\/migracao.redenoticia.com.br\/noticia\/wp-json\/wp\/v2\/tags?post=164898"}],"curies":[{"name":"wp","href":"https:\/\/api.w.org\/{rel}","templated":true}]}}