{"id":164954,"date":"2019-01-09T15:01:38","date_gmt":"2019-01-09T17:01:38","guid":{"rendered":"https:\/\/www.redenoticia.com.br\/noticia\/?p=164954"},"modified":"2019-01-09T15:01:38","modified_gmt":"2019-01-09T17:01:38","slug":"resumo-novela-as-aventuras-de-poliana-10-01-jefferson-e-o-novo-gerente-da-padaria","status":"publish","type":"post","link":"https:\/\/migracao.redenoticia.com.br\/noticia\/2019\/resumo-novela-as-aventuras-de-poliana-10-01-jefferson-e-o-novo-gerente-da-padaria\/164954","title":{"rendered":"Resumo novela \u201cAs Aventuras de Poliana\u201d 10\/01: Jefferson \u00e9 o novo gerente da padaria"},"content":{"rendered":"<p><strong><em><img loading=\"lazy\" decoding=\"async\" class=\"aligncenter size-large wp-image-148662\" src=\"https:\/\/migracao.redenoticia.com.br\/noticia\/imagens\/as-aventuras-de-poliana-novela-400x267.jpg\" alt=\"\" width=\"400\" height=\"267\" srcset=\"https:\/\/migracao.redenoticia.com.br\/noticia\/imagens\/as-aventuras-de-poliana-novela-400x267.jpg 400w, https:\/\/migracao.redenoticia.com.br\/noticia\/imagens\/as-aventuras-de-poliana-novela-250x167.jpg 250w, https:\/\/migracao.redenoticia.com.br\/noticia\/imagens\/as-aventuras-de-poliana-novela-150x100.jpg 150w, https:\/\/migracao.redenoticia.com.br\/noticia\/imagens\/as-aventuras-de-poliana-novela.jpg 600w\" sizes=\"auto, (max-width: 400px) 100vw, 400px\" \/>Resumo novela \u201cAs Aventuras de Poliana\u201d 10\/01 <\/em><\/strong>: no cap\u00edtulo 172(*) da novela, resumo de quinta-feira, 10 de janeiro, a reuni\u00e3o para as inscri\u00e7\u00f5es da chapa do gr\u00eamio se iniciam. Lu\u00edsa entra no escrit\u00f3rio de manh\u00e3 para chamar Durval para o caf\u00e9 da manh\u00e3 e o escuta sonhando com ela. Um capanga de Rato liga para o celular de D\u00e9bora e Marcelo atende, ouvindo que ela est\u00e1 envolvida em algo errado. Jo\u00e3o, Poliana, Kessya e Luigi conseguem entrar na chapa de Mirela, Raquel e Guilherme. Marcelo fica desconfiado de D\u00e9bora. Ben\u00edcio, Gael e M\u00e1rio contam para Marcelo sobre \u00c9ric ter pisado no besouro de Lorena e ele o repreende. Filipa e Yasmin se oferecem para entrarem na chapa de Gabriela, Luca e Brenda, e eles aceitam. Poliana decide visitar Bento para descobrir se a Dona Marlos melhorou.<\/p>\n<p>M\u00e1rio, Gael e Ben\u00edcio testam o drone. Durval conversa com Jefferson e oferece um cargo de ger\u00eancia para ele. Lorena chega e se junta aos meninos para a miss\u00e3o de espionar Sr. Pendleton. Paola v\u00ea Jo\u00e3o tocando viol\u00e3o e se interessa em conversar com ele. \u00c9ric chega e fica enciumado. Poliana e Kessya n\u00e3o encontram Bento. O drone entra na casa de Sr. Pendleton e ele o captura. Paola diz para Jo\u00e3o que os dois devem fazer um dueto de saxofone e viol\u00e3o. Claudia visita Lu\u00edsa. Durval anuncia aos funcion\u00e1rios da padaria que Jefferson \u00e9 o novo gerente.<\/p>\n<p>Waldisney passa de moto e v\u00ea Nanci andando e conversando com Iuri, ficando furioso. Mirela conta para Raquel que gravou um v\u00eddeo contando v\u00e1rios \u201cpodres\u201d sobre a chapa concorrente. Gabriela, Luca Tuber e Brenda assistem o v\u00eddeo de Mirela. Deborah conta para Salvador que quase foi descoberta por Marcelo. Pendleton exibe um bilhete na c\u00e2mera do drone escrito: \u201cSe quiserem o drone de volta, venham buscar pessoalmente\u201d. As crian\u00e7as ficam aflitas.rr<\/p>\n<p>(*) edi\u00e7\u00e3o do SBT, Novela \u201cAs Aventuras de Poliana\u201d, sujeito a altera\u00e7\u00e3o de data e conte\u00fado.<\/p>\n<p>Poliana \u00e9 uma menina extrovertida e de bom cora\u00e7\u00e3o que viajava o Brasil com seus pais, Lorenzo e Alice, no grupo circense Trupe Vagalume. Aos onze anos a garota v\u00ea seu mundo desabar quando seus pais falecem e ela tem que ir morar em S\u00e3o Paulo com sua tia Lu\u00edsa, uma mulher rica e severa, a qual ela n\u00e3o conhecia e que n\u00e3o queria cuidar dela, embora sinta que \u00e9 sua obriga\u00e7\u00e3o pela alma de sua irm\u00e3. Apesar do jeito da rigidez da tia, Poliana decide ter uma vis\u00e3o positiva e inabal\u00e1vel da vida, mesmo nos momentos de dificuldade, tentando levar um pouco de felicidade para a vida de cada um dos seus novos amigos e vizinhos, como o Sr. Pendleton, um homem rico e infeliz por nunca ter tido filhos. Ela vai estudar no col\u00e9gio de Ruth, uma diretora de bom cora\u00e7\u00e3o que a ajuda a se adaptar, mas tem que lidar com as vilanias de Mirela, garota mais velha que n\u00e3o aceita perder a popularidade para uma novata.<\/p>\n","protected":false},"excerpt":{"rendered":"<p>Resumo novela \u201cAs Aventuras de Poliana\u201d 10\/01 : no cap\u00edtulo 172(*) da novela, resumo de quinta-feira, 10 de janeiro, a reuni\u00e3o para as inscri\u00e7\u00f5es da chapa do gr\u00eamio se iniciam. Lu\u00edsa entra no escrit\u00f3rio de manh\u00e3 para chamar Durval para o caf\u00e9 da manh\u00e3 e o escuta sonhando com ela. Um capanga de Rato liga [&hellip;]<\/p>\n","protected":false},"author":4,"featured_media":148663,"comment_status":"open","ping_status":"closed","sticky":false,"template":"","format":"standard","meta":{"tdm_status":"","tdm_grid_status":"","footnotes":""},"categories":[477,379,372,343],"tags":[441],"class_list":{"0":"post-164954","1":"post","2":"type-post","3":"status-publish","4":"format-standard","5":"has-post-thumbnail","7":"category-as-aventuras-de-poliana","8":"category-novelas","9":"category-sbt","10":"category-televisao","11":"tag-resumo-do-dia"},"_links":{"self":[{"href":"https:\/\/migracao.redenoticia.com.br\/noticia\/wp-json\/wp\/v2\/posts\/164954","targetHints":{"allow":["GET"]}}],"collection":[{"href":"https:\/\/migracao.redenoticia.com.br\/noticia\/wp-json\/wp\/v2\/posts"}],"about":[{"href":"https:\/\/migracao.redenoticia.com.br\/noticia\/wp-json\/wp\/v2\/types\/post"}],"author":[{"embeddable":true,"href":"https:\/\/migracao.redenoticia.com.br\/noticia\/wp-json\/wp\/v2\/users\/4"}],"replies":[{"embeddable":true,"href":"https:\/\/migracao.redenoticia.com.br\/noticia\/wp-json\/wp\/v2\/comments?post=164954"}],"version-history":[{"count":0,"href":"https:\/\/migracao.redenoticia.com.br\/noticia\/wp-json\/wp\/v2\/posts\/164954\/revisions"}],"wp:featuredmedia":[{"embeddable":true,"href":"https:\/\/migracao.redenoticia.com.br\/noticia\/wp-json\/wp\/v2\/media\/148663"}],"wp:attachment":[{"href":"https:\/\/migracao.redenoticia.com.br\/noticia\/wp-json\/wp\/v2\/media?parent=164954"}],"wp:term":[{"taxonomy":"category","embeddable":true,"href":"https:\/\/migracao.redenoticia.com.br\/noticia\/wp-json\/wp\/v2\/categories?post=164954"},{"taxonomy":"post_tag","embeddable":true,"href":"https:\/\/migracao.redenoticia.com.br\/noticia\/wp-json\/wp\/v2\/tags?post=164954"}],"curies":[{"name":"wp","href":"https:\/\/api.w.org\/{rel}","templated":true}]}}