{"id":165186,"date":"2022-01-04T15:26:32","date_gmt":"2022-01-04T18:26:32","guid":{"rendered":"https:\/\/www.redenoticia.com.br\/noticia\/?p=165186"},"modified":"2022-01-04T17:34:13","modified_gmt":"2022-01-04T20:34:13","slug":"vida-saudavel-aprenda-a-montar-uma-horta-em-casa","status":"publish","type":"post","link":"https:\/\/migracao.redenoticia.com.br\/noticia\/2022\/vida-saudavel-aprenda-a-montar-uma-horta-em-casa\/165186","title":{"rendered":"Vida saud\u00e1vel: aprenda a cultivar uma horta em casa"},"content":{"rendered":"<p><img loading=\"lazy\" decoding=\"async\" src=\"https:\/\/migracao.redenoticia.com.br\/noticia\/imagens\/frutas-1.jpg\" alt=\"\" width=\"1280\" height=\"720\" class=\"aligncenter size-full wp-image-195975\" srcset=\"https:\/\/migracao.redenoticia.com.br\/noticia\/imagens\/frutas-1.jpg 1280w, https:\/\/migracao.redenoticia.com.br\/noticia\/imagens\/frutas-1-250x140.jpg 250w, https:\/\/migracao.redenoticia.com.br\/noticia\/imagens\/frutas-1-400x225.jpg 400w, https:\/\/migracao.redenoticia.com.br\/noticia\/imagens\/frutas-1-768x432.jpg 768w, https:\/\/migracao.redenoticia.com.br\/noticia\/imagens\/frutas-1-150x85.jpg 150w, https:\/\/migracao.redenoticia.com.br\/noticia\/imagens\/frutas-1-696x392.jpg 696w, https:\/\/migracao.redenoticia.com.br\/noticia\/imagens\/frutas-1-1068x601.jpg 1068w\" sizes=\"auto, (max-width: 1280px) 100vw, 1280px\" \/> <\/p>\n<p>Quem gosta de alimentos frescos pode experimentar cultivar uma <strong><em>horta em casa<\/em><\/strong>. A planta\u00e7\u00e3o pode trazer diferentes benef\u00edcios e \u00e9 voc\u00ea quem cuida de cada detalhe, desde a escolha das sementes at\u00e9 os produtos que ser\u00e3o usados no plantio da horta.<\/p>\n<p>Al\u00e9m disso, tamb\u00e9m \u00e9 uma importante terapia para quem sofre de estresse ou depress\u00e3o causados pela vida corrida na cidade. At\u00e9 mesmo quem possui problemas de hipertens\u00e3o ou diabetes, a produ\u00e7\u00e3o de ervas arom\u00e1ticas pode auxiliar na substitui\u00e7\u00e3o de sal e a\u00e7\u00facar nas produ\u00e7\u00f5es culin\u00e1rias, levando a uma vida mais saud\u00e1vel.<\/p>\n<p>Para o Bi\u00f3logo e T\u00e9cnico Agropecu\u00e1rio da Coordenadoria de Assist\u00eancia T\u00e9cnica Integral (Cati), da Secretaria de Agricultura e Abastecimento, Alexandre Moreira, o lugar para produzir esses alimentos de forma adequada deve conter muita luminosidade.<\/p>\n<p>\u201cObserve se o local escolhido recebe luz suficiente exigido pela maioria das plantas (no m\u00ednimo sete horas por dia), se n\u00e3o tem encharcamento do solo nos dias de muita chuva, se n\u00e3o ocorre muitas plantas daninhas no local escolhido, plantar as esp\u00e9cies de acordo com a sua \u00e9poca adequada de plantio. E n\u00e3o esque\u00e7a de fazer aduba\u00e7\u00e3o, corre\u00e7\u00e3o do solo com calc\u00e1rio e alguns cuidados b\u00e1sicos di\u00e1rios\u201d, explica Moreira.<\/p>\n<p>Para o analista Caio Munhoz, montar uma horta no seu apartamento foi f\u00e1cil e melhorou sua alimenta\u00e7\u00e3o. \u201cComecei apenas para fazer algo diferente, mas depois de um tempo aproveitei para utilizar os ingredientes da horta na prepara\u00e7\u00e3o da minhas refei\u00e7\u00f5es. O sabor muda e d\u00e1 vontade de cozinhar sempre\u201d, revala.<\/p>\n<p>Confira mais dicas da Secretaria:<\/p>\n<p>Como posso saber se a terra onde vou plantar \u00e9 produtiva?<\/p>\n<p>No site do\u00a0\u00a0h\u00e1 informa\u00e7\u00f5es sobre como mandar uma an\u00e1lise do solo. Coletada uma por\u00e7\u00e3o do solo, com as t\u00e9cnicas corretas para essa coleta, tais s\u00e3o enviadas para um laborat\u00f3rio onde ser\u00e3o feitos testes de fertilidade desse solo. O custo \u00e9 baixo, algo em torno de R$ 30 a R$ 50 por an\u00e1lise.<\/p>\n<p>Posso usar algum tipo de adubo?<\/p>\n<p>Sim, de acordo com as recomenda\u00e7\u00f5es que ser\u00e3o baseadas na an\u00e1lise do solo.<\/p>\n<p>Onde posso conseguir sementes ou mudas de qualidade para plantar?<\/p>\n<p>Na p\u00e1gina de servi\u00e7os da\u00a0\u00a0voc\u00ea confere informa\u00e7\u00f5es, diretamente do Departamento de Sementes, Mudas e Matrizes (DSMM)\/CATI, sobre onde comprar, os pre\u00e7os de cada uma e como fazer o recebimento pelo correio.<\/p>\n<p>Quais materiais eu preciso para montar uma horta vertical e sem gastar muito?<\/p>\n<p>Voc\u00ea vai precisar de:<\/p>\n<p>\u2013 Tesoura<\/p>\n<p>\u2013 Garrafa pet ou balde velho<\/p>\n<p>\u2013 Argila expandida (em pedra) ou areia<\/p>\n<p>\u2013 Substrato de cultivo (terra)<\/p>\n<p>\u2013 Muda ou semente \u00e0 sua escolha<\/p>\n<p>E para uma horta em terreno?<\/p>\n<p>Considerando que o espa\u00e7o j\u00e1 esteja cercado, com acesso a \u00e1gua, algum lugar para guardar as ferramentas e os insumos, seria preciso algumas coisas b\u00e1sicas como carrinho de m\u00e3o, enxada, enxad\u00e3o, p\u00e1, regador, rastelo, cavadeira, bandejas de isopor ou pl\u00e1stico para semeadura mangueira de jardim e alguns baldes pl\u00e1sticos.<\/p>\n<p>Onde se pode conseguir terra para fazer o plantio?<\/p>\n<p>Para as semeaduras pode-se comprar o substrato pr\u00f3prio para isso nas agropecu\u00e1rias ou floriculturas. Pede-se substrato para sementes de hortali\u00e7as.<\/p>\n<p>Portal Governo SP<\/p>\n","protected":false},"excerpt":{"rendered":"<p>Quem gosta de alimentos frescos pode experimentar cultivar uma horta em casa. A planta\u00e7\u00e3o pode trazer diferentes benef\u00edcios e \u00e9 voc\u00ea quem cuida de cada detalhe, desde a escolha das sementes at\u00e9 os produtos que ser\u00e3o usados no plantio da horta. Al\u00e9m disso, tamb\u00e9m \u00e9 uma importante terapia para quem sofre de estresse ou depress\u00e3o [&hellip;]<\/p>\n","protected":false},"author":2,"featured_media":195968,"comment_status":"open","ping_status":"closed","sticky":false,"template":"","format":"standard","meta":{"tdm_status":"","tdm_grid_status":"","footnotes":""},"categories":[22,5],"tags":[559,523],"class_list":{"0":"post-165186","1":"post","2":"type-post","3":"status-publish","4":"format-standard","5":"has-post-thumbnail","7":"category-brasil","8":"category-saude-e-vida","9":"tag-noticia-saude","10":"tag-variedades"},"_links":{"self":[{"href":"https:\/\/migracao.redenoticia.com.br\/noticia\/wp-json\/wp\/v2\/posts\/165186","targetHints":{"allow":["GET"]}}],"collection":[{"href":"https:\/\/migracao.redenoticia.com.br\/noticia\/wp-json\/wp\/v2\/posts"}],"about":[{"href":"https:\/\/migracao.redenoticia.com.br\/noticia\/wp-json\/wp\/v2\/types\/post"}],"author":[{"embeddable":true,"href":"https:\/\/migracao.redenoticia.com.br\/noticia\/wp-json\/wp\/v2\/users\/2"}],"replies":[{"embeddable":true,"href":"https:\/\/migracao.redenoticia.com.br\/noticia\/wp-json\/wp\/v2\/comments?post=165186"}],"version-history":[{"count":0,"href":"https:\/\/migracao.redenoticia.com.br\/noticia\/wp-json\/wp\/v2\/posts\/165186\/revisions"}],"wp:featuredmedia":[{"embeddable":true,"href":"https:\/\/migracao.redenoticia.com.br\/noticia\/wp-json\/wp\/v2\/media\/195968"}],"wp:attachment":[{"href":"https:\/\/migracao.redenoticia.com.br\/noticia\/wp-json\/wp\/v2\/media?parent=165186"}],"wp:term":[{"taxonomy":"category","embeddable":true,"href":"https:\/\/migracao.redenoticia.com.br\/noticia\/wp-json\/wp\/v2\/categories?post=165186"},{"taxonomy":"post_tag","embeddable":true,"href":"https:\/\/migracao.redenoticia.com.br\/noticia\/wp-json\/wp\/v2\/tags?post=165186"}],"curies":[{"name":"wp","href":"https:\/\/api.w.org\/{rel}","templated":true}]}}