{"id":165195,"date":"2019-01-11T03:44:39","date_gmt":"2019-01-11T05:44:39","guid":{"rendered":"https:\/\/www.redenoticia.com.br\/noticia\/?p=165195"},"modified":"2019-01-14T21:07:11","modified_gmt":"2019-01-14T23:07:11","slug":"novela-jesus-resumo-14-01-jesus-cura-o-homem-hidropico","status":"publish","type":"post","link":"https:\/\/migracao.redenoticia.com.br\/noticia\/2019\/novela-jesus-resumo-14-01-jesus-cura-o-homem-hidropico\/165195","title":{"rendered":"Novela \u201cJesus\u201d resumo 14\/01: Jesus cura o Homem Hidr\u00f3pico"},"content":{"rendered":"<p> <em><strong><img loading=\"lazy\" decoding=\"async\" class=\"aligncenter size-large wp-image-149879\" src=\"https:\/\/migracao.redenoticia.com.br\/noticia\/imagens\/jesus-novela-record-400x174.jpg\" alt=\"\" width=\"400\" height=\"174\" srcset=\"https:\/\/migracao.redenoticia.com.br\/noticia\/imagens\/jesus-novela-record-400x174.jpg 400w, https:\/\/migracao.redenoticia.com.br\/noticia\/imagens\/jesus-novela-record-250x109.jpg 250w, https:\/\/migracao.redenoticia.com.br\/noticia\/imagens\/jesus-novela-record-768x335.jpg 768w, https:\/\/migracao.redenoticia.com.br\/noticia\/imagens\/jesus-novela-record-696x303.jpg 696w, https:\/\/migracao.redenoticia.com.br\/noticia\/imagens\/jesus-novela-record-150x65.jpg 150w, https:\/\/migracao.redenoticia.com.br\/noticia\/imagens\/jesus-novela-record.jpg 780w\" sizes=\"auto, (max-width: 400px) 100vw, 400px\" \/>Novela \u201cJesus\u201d resumo 14\/01<\/strong><\/em>: no capitulo 123 (*) da novela, segunda-feira, 14 de janeiro, Zaqueu v\u00ea Barrab\u00e1s observando do lado de fora da casa de Arimat\u00e9ia. Sim\u00e3o Fariseu se declara para Laila. Malco pede Marta em casamento. O Hidr\u00f3pico pede para ser curado por Jesus. Marta desmaia diante do pedido de Malco. Jesus cura o Homem Hidr\u00f3pico.   <\/p>\n<p>Claudia tenta acalmar Pilatos. Jo\u00e3o sente ci\u00fame de Gabriela. Jesus questiona os fariseus. Kesiah se abre com Helena e revela seu sentimento por Longinus. Asisa discute com Jairo e s\u00e3o questionados por Jesus. Caif\u00e1s se irrita com a aproxima\u00e7\u00e3o de Judite. Barrab\u00e1s descobre que Maria \u00e9 m\u00e3e do Messias. Com a consci\u00eancia pesada, Laila tem um pesadelo.<\/p>\n<p>(*) edi\u00e7\u00e3o da Rede Record, Novela \u201cJesus\u201d, sujeito a altera\u00e7\u00e3o de data e conte\u00fado.<\/p>\n<p>\u201cJesus\u201d &#8211; Ap\u00f3s receber a anuncia\u00e7\u00e3o de que o filho de Deus estava a caminho, Maria (Cl\u00e1udia Mauro) d\u00e1 a luz ao escolhido e, junto com o marido Jos\u00e9 (Michel Bercovitch), cria com valores e bons princ\u00edpios o jovem escolhido Jesus (Dudu Azevedo). A profecia do escolhido incomoda o rei Herodes (Paulo Gorgulho), que passa a perseguir a fam\u00edlia, for\u00e7ando Maria e Jos\u00e9 a criarem Jesus como um jovem comum longe de sua miss\u00e3o.<\/p>\n","protected":false},"excerpt":{"rendered":"<p>Novela \u201cJesus\u201d resumo 14\/01: no capitulo 123 (*) da novela, segunda-feira, 14 de janeiro, Zaqueu v\u00ea Barrab\u00e1s observando do lado de fora da casa de Arimat\u00e9ia. Sim\u00e3o Fariseu se declara para Laila. Malco pede Marta em casamento. O Hidr\u00f3pico pede para ser curado por Jesus. Marta desmaia diante do pedido de Malco. Jesus cura o [&hellip;]<\/p>\n","protected":false},"author":2,"featured_media":148138,"comment_status":"open","ping_status":"closed","sticky":false,"template":"","format":"standard","meta":{"tdm_status":"","tdm_grid_status":"","footnotes":""},"categories":[488,379,371,343],"tags":[441],"class_list":{"0":"post-165195","1":"post","2":"type-post","3":"status-publish","4":"format-standard","5":"has-post-thumbnail","7":"category-jesus","8":"category-novelas","9":"category-rede-record","10":"category-televisao","11":"tag-resumo-do-dia"},"_links":{"self":[{"href":"https:\/\/migracao.redenoticia.com.br\/noticia\/wp-json\/wp\/v2\/posts\/165195","targetHints":{"allow":["GET"]}}],"collection":[{"href":"https:\/\/migracao.redenoticia.com.br\/noticia\/wp-json\/wp\/v2\/posts"}],"about":[{"href":"https:\/\/migracao.redenoticia.com.br\/noticia\/wp-json\/wp\/v2\/types\/post"}],"author":[{"embeddable":true,"href":"https:\/\/migracao.redenoticia.com.br\/noticia\/wp-json\/wp\/v2\/users\/2"}],"replies":[{"embeddable":true,"href":"https:\/\/migracao.redenoticia.com.br\/noticia\/wp-json\/wp\/v2\/comments?post=165195"}],"version-history":[{"count":0,"href":"https:\/\/migracao.redenoticia.com.br\/noticia\/wp-json\/wp\/v2\/posts\/165195\/revisions"}],"wp:featuredmedia":[{"embeddable":true,"href":"https:\/\/migracao.redenoticia.com.br\/noticia\/wp-json\/wp\/v2\/media\/148138"}],"wp:attachment":[{"href":"https:\/\/migracao.redenoticia.com.br\/noticia\/wp-json\/wp\/v2\/media?parent=165195"}],"wp:term":[{"taxonomy":"category","embeddable":true,"href":"https:\/\/migracao.redenoticia.com.br\/noticia\/wp-json\/wp\/v2\/categories?post=165195"},{"taxonomy":"post_tag","embeddable":true,"href":"https:\/\/migracao.redenoticia.com.br\/noticia\/wp-json\/wp\/v2\/tags?post=165195"}],"curies":[{"name":"wp","href":"https:\/\/api.w.org\/{rel}","templated":true}]}}