{"id":1652,"date":"2009-05-14T19:24:37","date_gmt":"2009-05-14T23:24:37","guid":{"rendered":"http:\/\/www.redenoticia.com.br\/noticia\/?p=1652"},"modified":"2009-05-14T19:24:37","modified_gmt":"2009-05-14T23:24:37","slug":"filho-de-rondonia-amplia-ainda-mais-seus-poderes-na-renault","status":"publish","type":"post","link":"https:\/\/migracao.redenoticia.com.br\/noticia\/2009\/filho-de-rondonia-amplia-ainda-mais-seus-poderes-na-renault\/1652","title":{"rendered":"Filho de Rond\u00f4nia amplia ainda mais seus poderes na Renault"},"content":{"rendered":"<p class=\"MsoNormal\"><strong><\/strong><span style=\"font-family: Arial;\"><strong>Carlos Ghosn, que j\u00e1 \u00e9 CEO, \u00e9 o novo presidente do conselho de administra\u00e7\u00e3o da montadora<\/strong><\/span><\/p>\n<p class=\"MsoNormal\"><span style=\"font-family: Arial;\">Desde a semana passada, o executivo brasileiro Carlos Ghosn \u00e9 o presidente do Conselho de Administra\u00e7\u00e3o da Renault, no lugar do su\u00ed\u00e7o Louis Schweitzer, que tornou-se presidente de honra da montadora francesa.<\/p>\n<p>Ghosn, que nasceu em Porto Velho (Rond\u00f4nia) e hoje fala portugu\u00eas com sotaque, \u00e9 engenheiro formado em Paris. J\u00e1 trabalhou na Michelin e chegou \u00e0 vice-presid\u00eancia executiva da Renault em 1996. Em junho de 2001, tornou-se CEO da Nissan, e acumulou o mesnmo cargo na Renault em maio de 2005.<\/p>\n<p><strong>Preju\u00edzo<\/strong> &#8211; A ascens\u00e3o de Ghosn acontece em momento especialmente dif\u00edcil: na \u00faltima ter\u00e7a-feira, a Nissan anunciou seu primeiro preju\u00edzo anual desde que o brasileiro assumiu o comando do grupo.<\/p>\n<p>A perda anual chegou a US$ 2,4 bilh\u00f5es para o exerc\u00edcio 2008-2009, mas \u00e9 inferior ao que a empresa previa.<\/span><\/p>\n<p class=\"MsoNormal\"><span style=\"font-family: Arial;\"><span style=\"color: windowtext;\">Fonte cidadebiz<\/span><\/span><\/p>\n","protected":false},"excerpt":{"rendered":"<p>Carlos Ghosn, que j\u00e1 \u00e9 CEO, \u00e9 o novo presidente do conselho de administra\u00e7\u00e3o da montadora Desde a semana passada, o executivo brasileiro Carlos Ghosn \u00e9 o presidente do Conselho de Administra\u00e7\u00e3o da Renault, no lugar do su\u00ed\u00e7o Louis Schweitzer, que tornou-se presidente de honra da montadora francesa. Ghosn, que nasceu em Porto Velho (Rond\u00f4nia) [&hellip;]<\/p>\n","protected":false},"author":3,"featured_media":0,"comment_status":"open","ping_status":"open","sticky":false,"template":"","format":"standard","meta":{"tdm_status":"","tdm_grid_status":"","footnotes":""},"categories":[22],"tags":[],"class_list":{"0":"post-1652","1":"post","2":"type-post","3":"status-publish","4":"format-standard","6":"category-brasil"},"_links":{"self":[{"href":"https:\/\/migracao.redenoticia.com.br\/noticia\/wp-json\/wp\/v2\/posts\/1652","targetHints":{"allow":["GET"]}}],"collection":[{"href":"https:\/\/migracao.redenoticia.com.br\/noticia\/wp-json\/wp\/v2\/posts"}],"about":[{"href":"https:\/\/migracao.redenoticia.com.br\/noticia\/wp-json\/wp\/v2\/types\/post"}],"author":[{"embeddable":true,"href":"https:\/\/migracao.redenoticia.com.br\/noticia\/wp-json\/wp\/v2\/users\/3"}],"replies":[{"embeddable":true,"href":"https:\/\/migracao.redenoticia.com.br\/noticia\/wp-json\/wp\/v2\/comments?post=1652"}],"version-history":[{"count":0,"href":"https:\/\/migracao.redenoticia.com.br\/noticia\/wp-json\/wp\/v2\/posts\/1652\/revisions"}],"wp:attachment":[{"href":"https:\/\/migracao.redenoticia.com.br\/noticia\/wp-json\/wp\/v2\/media?parent=1652"}],"wp:term":[{"taxonomy":"category","embeddable":true,"href":"https:\/\/migracao.redenoticia.com.br\/noticia\/wp-json\/wp\/v2\/categories?post=1652"},{"taxonomy":"post_tag","embeddable":true,"href":"https:\/\/migracao.redenoticia.com.br\/noticia\/wp-json\/wp\/v2\/tags?post=1652"}],"curies":[{"name":"wp","href":"https:\/\/api.w.org\/{rel}","templated":true}]}}