{"id":165225,"date":"2019-01-11T08:40:12","date_gmt":"2019-01-11T10:40:12","guid":{"rendered":"https:\/\/www.redenoticia.com.br\/noticia\/?p=165225"},"modified":"2019-01-11T11:57:43","modified_gmt":"2019-01-11T13:57:43","slug":"resumo-novela-o-tempo-nao-para-12-01-sabino-reune-todos-para-abraco-coletivo-pela-samvita","status":"publish","type":"post","link":"https:\/\/migracao.redenoticia.com.br\/noticia\/2019\/resumo-novela-o-tempo-nao-para-12-01-sabino-reune-todos-para-abraco-coletivo-pela-samvita\/165225","title":{"rendered":"Resumo novela \u201cO Tempo N\u00e3o Para\u201d 12\/01: Sabino promove abra\u00e7o coletivo pela SamVita"},"content":{"rendered":"<p><strong><em><img loading=\"lazy\" decoding=\"async\" class=\"aligncenter size-large wp-image-149486\" src=\"https:\/\/migracao.redenoticia.com.br\/noticia\/imagens\/o-tempo-nao-para-resumo-novela-33-400x225.jpg\" alt=\"\" width=\"400\" height=\"225\" srcset=\"https:\/\/migracao.redenoticia.com.br\/noticia\/imagens\/o-tempo-nao-para-resumo-novela-33-400x225.jpg 400w, https:\/\/migracao.redenoticia.com.br\/noticia\/imagens\/o-tempo-nao-para-resumo-novela-33-250x141.jpg 250w, https:\/\/migracao.redenoticia.com.br\/noticia\/imagens\/o-tempo-nao-para-resumo-novela-33-150x84.jpg 150w, https:\/\/migracao.redenoticia.com.br\/noticia\/imagens\/o-tempo-nao-para-resumo-novela-33.jpg 640w\" sizes=\"auto, (max-width: 400px) 100vw, 400px\" \/>Resumo novela \u201cO Tempo N\u00e3o Para\u201d 12\/01 <\/em><\/strong>: no cap\u00edtulo 143(*) da novela, resumo s\u00e1bado, 12 de janeiro, Marino confidencia a Carmen que escutou L\u00facio marcar a implos\u00e3o do pr\u00e9dio. Zelda e Monalisa avisam a Bar\u00e3o que Te\u00f3filo foi preso e pedem ajuda para solt\u00e1-lo. Bel\u00e9m alerta a Vanda que Te\u00f3filo est\u00e1 sendo mantido em c\u00e1rcere privado na Criotec. Helen fica assustada ao saber que Te\u00f3filo ser\u00e1 usado como cobaia. Agustina exige que Miss Celine e Elmo se casem. Dom Sabino re\u00fane a popula\u00e7\u00e3o para um abra\u00e7o coletivo pela SamVita.<\/p>\n<p>(*) edi\u00e7\u00e3o da Rede Globo, Novela \u201cO Tempo N\u00e3o Para\u201d, sujeito a altera\u00e7\u00e3o de data e conte\u00fado.<\/p>\n<p>Anos de avan\u00e7os e descobertas que moldaram costumes, h\u00e1bitos e linguagens da sociedade contempor\u00e2nea v\u00e3o gerar um choque em uma abastada fam\u00edlia do s\u00e9culo XIX que desperta no s\u00e9culo XXI. Por 132 anos, os Sabino Machado e seus agregados ficaram congelados, dentro de um bloco de gelo, enquanto a vida l\u00e1 fora passava. Agora, v\u00e3o despertar em uma S\u00e3o Paulo pulsante e turbulenta e se deparar com a sociedade em pleno 2018. &#8220;O Tempo N\u00e3o Para&#8221;, nova novela das 7, \u00e9 escrita por Mario Teixeira e tem dire\u00e7\u00e3o art\u00edstica de Leonardo Nogueira.<\/p>\n","protected":false},"excerpt":{"rendered":"<p>Resumo novela \u201cO Tempo N\u00e3o Para\u201d 12\/01 : no cap\u00edtulo 143(*) da novela, resumo s\u00e1bado, 12 de janeiro, Marino confidencia a Carmen que escutou L\u00facio marcar a implos\u00e3o do pr\u00e9dio. Zelda e Monalisa avisam a Bar\u00e3o que Te\u00f3filo foi preso e pedem ajuda para solt\u00e1-lo. Bel\u00e9m alerta a Vanda que Te\u00f3filo est\u00e1 sendo mantido em [&hellip;]<\/p>\n","protected":false},"author":4,"featured_media":148135,"comment_status":"open","ping_status":"closed","sticky":false,"template":"","format":"standard","meta":{"tdm_status":"","tdm_grid_status":"","footnotes":""},"categories":[379,490,375,343],"tags":[441],"class_list":{"0":"post-165225","1":"post","2":"type-post","3":"status-publish","4":"format-standard","5":"has-post-thumbnail","7":"category-novelas","8":"category-o-tempo-nao-para","9":"category-rede-globo","10":"category-televisao","11":"tag-resumo-do-dia"},"_links":{"self":[{"href":"https:\/\/migracao.redenoticia.com.br\/noticia\/wp-json\/wp\/v2\/posts\/165225","targetHints":{"allow":["GET"]}}],"collection":[{"href":"https:\/\/migracao.redenoticia.com.br\/noticia\/wp-json\/wp\/v2\/posts"}],"about":[{"href":"https:\/\/migracao.redenoticia.com.br\/noticia\/wp-json\/wp\/v2\/types\/post"}],"author":[{"embeddable":true,"href":"https:\/\/migracao.redenoticia.com.br\/noticia\/wp-json\/wp\/v2\/users\/4"}],"replies":[{"embeddable":true,"href":"https:\/\/migracao.redenoticia.com.br\/noticia\/wp-json\/wp\/v2\/comments?post=165225"}],"version-history":[{"count":0,"href":"https:\/\/migracao.redenoticia.com.br\/noticia\/wp-json\/wp\/v2\/posts\/165225\/revisions"}],"wp:featuredmedia":[{"embeddable":true,"href":"https:\/\/migracao.redenoticia.com.br\/noticia\/wp-json\/wp\/v2\/media\/148135"}],"wp:attachment":[{"href":"https:\/\/migracao.redenoticia.com.br\/noticia\/wp-json\/wp\/v2\/media?parent=165225"}],"wp:term":[{"taxonomy":"category","embeddable":true,"href":"https:\/\/migracao.redenoticia.com.br\/noticia\/wp-json\/wp\/v2\/categories?post=165225"},{"taxonomy":"post_tag","embeddable":true,"href":"https:\/\/migracao.redenoticia.com.br\/noticia\/wp-json\/wp\/v2\/tags?post=165225"}],"curies":[{"name":"wp","href":"https:\/\/api.w.org\/{rel}","templated":true}]}}