{"id":165246,"date":"2020-08-11T10:44:58","date_gmt":"2020-08-11T13:44:58","guid":{"rendered":"https:\/\/www.redenoticia.com.br\/noticia\/?p=165246"},"modified":"2020-08-11T13:34:15","modified_gmt":"2020-08-11T16:34:15","slug":"tele-sena-premio-casa-confira-os-titulos-premiados-em-2018-e-2019","status":"publish","type":"post","link":"https:\/\/migracao.redenoticia.com.br\/noticia\/2020\/tele-sena-premio-casa-confira-os-titulos-premiados-em-2018-e-2019\/165246","title":{"rendered":"\u201cTele Sena\u201d pr\u00eamio casa: confira os t\u00edtulos premiados em 2018, 2019 e 2020"},"content":{"rendered":"<p><img loading=\"lazy\" decoding=\"async\" src=\"https:\/\/migracao.redenoticia.com.br\/noticia\/imagens\/telesena-1.jpg\" alt=\"\" width=\"1280\" height=\"720\" class=\"aligncenter size-full wp-image-195940\" srcset=\"https:\/\/migracao.redenoticia.com.br\/noticia\/imagens\/telesena-1.jpg 1280w, https:\/\/migracao.redenoticia.com.br\/noticia\/imagens\/telesena-1-250x140.jpg 250w, https:\/\/migracao.redenoticia.com.br\/noticia\/imagens\/telesena-1-400x225.jpg 400w, https:\/\/migracao.redenoticia.com.br\/noticia\/imagens\/telesena-1-768x432.jpg 768w, https:\/\/migracao.redenoticia.com.br\/noticia\/imagens\/telesena-1-150x85.jpg 150w, https:\/\/migracao.redenoticia.com.br\/noticia\/imagens\/telesena-1-696x392.jpg 696w, https:\/\/migracao.redenoticia.com.br\/noticia\/imagens\/telesena-1-1068x601.jpg 1068w\" sizes=\"auto, (max-width: 1280px) 100vw, 1280px\" \/><\/p>\n<p><strong><em>\u201cTele Sena\u201d: O Pr\u00eamio Casa<\/em><\/strong> \u00e9 um sorteio anual, realizado em data discriminada no t\u00edtulo, pr\u00f3xima \u00e0 data do resgate do mesmo. Confira os t\u00edtulos premiados no Pr\u00eamio Casa 2018, 2019 e 2020:<\/p>\n<p>Destaque &#8211; <\/p>\n<p>&#8220;Tele Sena&#8221; S\u00e3o Jo\u00e3o (2019)<br \/>\nSorteado em 17\/05\/2020<br \/>\nT\u00edtulo: 6.479.520<\/p>\n<p>&#8220;Tele Sena&#8221; P\u00e1scoa (2019)<br \/>\nSorteado em 23\/02\/2020<br \/>\nT\u00edtulo: 6.248.356<\/p>\n<p>&#8220;Tele Sena&#8221; Carnaval (2019)<br \/>\nSorteado em 19\/01\/2020<br \/>\nT\u00edtulo: 1.654.844<\/p>\n<p>&#8220;Tele Sena&#8221; Ano Novo (2019)<br \/>\nSorteado em 05\/01\/2020<br \/>\nT\u00edtulo: 1.226.934<\/p>\n<p>&#8220;Tele Sena&#8221; Natal (2018)<br \/>\nSorteado em 24\/11\/2019<br \/>\nT\u00edtulo: 6.327.235<\/p>\n<p>&#8220;Tele Sena&#8221; Anivers\u00e1rio (2018)<br \/>\nSorteado em 20\/10\/2019<br \/>\nT\u00edtulo: 6.229.263<\/p>\n<p>&#8220;Tele Sena&#8221; Primavera (2018)<br \/>\nSorteado em 15\/09\/2019<br \/>\nT\u00edtulo: 1.277.330<\/p>\n<p>&#8220;Tele Sena&#8221; Independ\u00eancia (2018)<br \/>\nSorteado em 11\/08\/2019<br \/>\nT\u00edtulo: 3.607.082<\/p>\n<p>&#8220;Tele Sena&#8221; Pais (2018)<br \/>\nSorteado em 07\/07\/2019<br \/>\nT\u00edtulo: 4.637.710<\/p>\n<p>&#8220;Tele Sena&#8221; S\u00e3o Jo\u00e3o (2018)<br \/>\nSorteado em 02\/06\/2019<br \/>\nT\u00edtulo: 3.425.268<\/p>\n<p>&#8220;Tele Sena&#8221; M\u00c3ES (2018)<br \/>\nSorteado em 21\/04\/2019<br \/>\nT\u00edtulo: 4.207.108<\/p>\n<p>\u201cTele Sena\u201d P\u00e1scoa (2018)<br \/>\nSorteado em 17\/03\/2019<br \/>\nT\u00edtulo: 6.011.856<\/p>\n<p>\u201cTele Sena\u201d Carnaval (2018)<br \/>\nSorteado em 10\/02\/2019<br \/>\nT\u00edtulo: 1.207.128<\/p>\n<p>&#8220;Tele Sena&#8221; ANO NOVO\/2018<br \/>\nSorteado em 06\/01\/2019<br \/>\nT\u00edtulo: 3.563.896<\/p>\n<p>&#8220;Tele Sena&#8221; NATAL\/2017<br \/>\nSorteado em 02\/12\/2018<br \/>\nT\u00edtulo: 3.714.139<\/p>\n<p>&#8220;Tele Sena&#8221; 26\u00ba ANIVERS\u00c1RIO<br \/>\nSorteado em 21\/10\/2018<br \/>\nT\u00edtulo: 4.741.345<\/p>\n<p>&#8220;Tele Sena&#8221; PRIMAVERA\/2017<br \/>\nSorteado em 16\/09\/2018<br \/>\nT\u00edtulo: 4.780.104<\/p>\n<p>&#8220;Tele Sena&#8221; INDEPENDENCIA\/2017<br \/>\nSorteado em 12\/08\/2018<br \/>\nT\u00edtulo: 3.002.606<\/p>\n<p>&#8220;Tele Sena&#8221; PAIS\/2017<br \/>\nSorteado em 08\/07\/2018<br \/>\nT\u00edtulo: 2.630.254<\/p>\n<p>&#8220;Tele Sena&#8221; S\u00c3O JO\u00c3O\/2017<br \/>\nSorteado em 03\/06\/2018<br \/>\nT\u00edtulo: 4.965.185<\/p>\n<p>&#8220;Tele Sena&#8221; M\u00c3ES\/2017<br \/>\nSorteado em 22\/04\/2018<br \/>\nT\u00edtulo: 3.813.371<\/p>\n<p>&#8220;Tele Sena&#8221; PASCOA\/2017<br \/>\nSorteado em 18\/03\/2018<br \/>\nT\u00edtulo: 4.219.266<\/p>\n<p>&#8220;Tele Sena&#8221; CARNAVAL\/2017<br \/>\nSorteado em 11\/02\/2018<br \/>\nT\u00edtulo: 5.541.545<\/p>\n<p>&#8220;Tele Sena&#8221; ANO NOVO\/2017<br \/>\nSorteado em 07\/01\/2018<br \/>\nT\u00edtulo: 3.173.637<\/p>\n<p>&#8220;Tele Sena&#8221; \u00e9 um t\u00edtulo de capitaliza\u00e7\u00e3o de Pagamento \u00danico (PU), lan\u00e7ado em novembro de 1991 pela Lideran\u00e7a Capitaliza\u00e7\u00e3o S\/A. Ap\u00f3s um ano, pode-se resgatar 50% do valor, com juros e corre\u00e7\u00e3o monet\u00e1ria, ou acrescentar a diferen\u00e7a do valor e trocar pela &#8220;Tele Sena&#8221; em vigor. Durante a vig\u00eancia da &#8220;Tele Sena&#8221; h\u00e1 cinco formas de premia\u00e7\u00e3o.<\/p>\n","protected":false},"excerpt":{"rendered":"<p>\u201cTele Sena\u201d: O Pr\u00eamio Casa \u00e9 um sorteio anual, realizado em data discriminada no t\u00edtulo, pr\u00f3xima \u00e0 data do resgate do mesmo. Confira os t\u00edtulos premiados no Pr\u00eamio Casa 2018, 2019 e 2020: Destaque &#8211; &#8220;Tele Sena&#8221; S\u00e3o Jo\u00e3o (2019) Sorteado em 17\/05\/2020 T\u00edtulo: 6.479.520 &#8220;Tele Sena&#8221; P\u00e1scoa (2019) Sorteado em 23\/02\/2020 T\u00edtulo: 6.248.356 &#8220;Tele [&hellip;]<\/p>\n","protected":false},"author":2,"featured_media":195939,"comment_status":"open","ping_status":"closed","sticky":false,"template":"","format":"standard","meta":{"tdm_status":"","tdm_grid_status":"","footnotes":""},"categories":[335,356],"tags":[476,531],"class_list":{"0":"post-165246","1":"post","2":"type-post","3":"status-publish","4":"format-standard","5":"has-post-thumbnail","7":"category-loteria","8":"category-tele-sena","9":"tag-loteria","10":"tag-numeros-sorteados"},"_links":{"self":[{"href":"https:\/\/migracao.redenoticia.com.br\/noticia\/wp-json\/wp\/v2\/posts\/165246","targetHints":{"allow":["GET"]}}],"collection":[{"href":"https:\/\/migracao.redenoticia.com.br\/noticia\/wp-json\/wp\/v2\/posts"}],"about":[{"href":"https:\/\/migracao.redenoticia.com.br\/noticia\/wp-json\/wp\/v2\/types\/post"}],"author":[{"embeddable":true,"href":"https:\/\/migracao.redenoticia.com.br\/noticia\/wp-json\/wp\/v2\/users\/2"}],"replies":[{"embeddable":true,"href":"https:\/\/migracao.redenoticia.com.br\/noticia\/wp-json\/wp\/v2\/comments?post=165246"}],"version-history":[{"count":0,"href":"https:\/\/migracao.redenoticia.com.br\/noticia\/wp-json\/wp\/v2\/posts\/165246\/revisions"}],"wp:featuredmedia":[{"embeddable":true,"href":"https:\/\/migracao.redenoticia.com.br\/noticia\/wp-json\/wp\/v2\/media\/195939"}],"wp:attachment":[{"href":"https:\/\/migracao.redenoticia.com.br\/noticia\/wp-json\/wp\/v2\/media?parent=165246"}],"wp:term":[{"taxonomy":"category","embeddable":true,"href":"https:\/\/migracao.redenoticia.com.br\/noticia\/wp-json\/wp\/v2\/categories?post=165246"},{"taxonomy":"post_tag","embeddable":true,"href":"https:\/\/migracao.redenoticia.com.br\/noticia\/wp-json\/wp\/v2\/tags?post=165246"}],"curies":[{"name":"wp","href":"https:\/\/api.w.org\/{rel}","templated":true}]}}