{"id":165291,"date":"2019-01-11T23:59:22","date_gmt":"2019-01-12T01:59:22","guid":{"rendered":"https:\/\/www.redenoticia.com.br\/noticia\/?p=165291"},"modified":"2019-01-11T20:14:14","modified_gmt":"2019-01-11T22:14:14","slug":"resumo-novela-as-aventuras-de-poliana-14-01-afonso-faz-declaracao-para-luisa","status":"publish","type":"post","link":"https:\/\/migracao.redenoticia.com.br\/noticia\/2019\/resumo-novela-as-aventuras-de-poliana-14-01-afonso-faz-declaracao-para-luisa\/165291","title":{"rendered":"Resumo novela \u201cAs Aventuras de Poliana\u201d 14\/01: Afonso faz declara\u00e7\u00e3o para Lu\u00edsa"},"content":{"rendered":"<p> <strong><em><img loading=\"lazy\" decoding=\"async\" class=\"aligncenter size-large wp-image-148662\" src=\"https:\/\/migracao.redenoticia.com.br\/noticia\/imagens\/as-aventuras-de-poliana-novela-400x267.jpg\" alt=\"\" width=\"400\" height=\"267\" srcset=\"https:\/\/migracao.redenoticia.com.br\/noticia\/imagens\/as-aventuras-de-poliana-novela-400x267.jpg 400w, https:\/\/migracao.redenoticia.com.br\/noticia\/imagens\/as-aventuras-de-poliana-novela-250x167.jpg 250w, https:\/\/migracao.redenoticia.com.br\/noticia\/imagens\/as-aventuras-de-poliana-novela-150x100.jpg 150w, https:\/\/migracao.redenoticia.com.br\/noticia\/imagens\/as-aventuras-de-poliana-novela.jpg 600w\" sizes=\"auto, (max-width: 400px) 100vw, 400px\" \/>Resumo novela \u201cAs Aventuras de Poliana\u201d 14\/01 <\/em><\/strong>: no cap\u00edtulo 174(*) da novela, resumo de segunda-feira, 14 de janeiro, S\u00e9rgio e Joana d\u00e3o uma bronca em M\u00e1rio pela invas\u00e3o na casa de Sr. Pendleton com o drone. Poliana vai \u00e0 casa de Sr. Pendleton e ele a aconselha sobre propostas para o gr\u00eamio da escola. Afonso faz uma bela declara\u00e7\u00e3o de amor para Lu\u00edsa. Lorena brinca com Mirian (seu novo inseto) escondida na escola. Claudia procura Durval na padaria e pergunta o que ele acha de um relacionamento s\u00e9rio. Marcelo convida Lorena para dar uma aula especial junto com ele. Os capangas de Rato d\u00e3o um susto em Iuri.<\/p>\n<p>Lorena fica feliz por ter participado da aula de Marcelo. A apresenta\u00e7\u00e3o das chapas para a elei\u00e7\u00e3o do gr\u00eamio se inicia. A chapa \u201cUniverso Jovem\u201d conta com Gabriela, Brenda, Luca, Filipa, Yasmin e \u00c9ric. J\u00e1 a chapa \u201cContente\u201d conta com Mirela, Raquel, Jo\u00e3o, Kessya, Poliana, Guilherme e Luigi. Afonso faz um alarme caseiro para a casa de Lu\u00edsa. Uma pessoa entra na casa e o sino do alarme toca.<\/p>\n<p>H\u00e1 uma discuss\u00e3o s\u00e9ria na chapa Contente e Guilherme amea\u00e7a deix\u00e1-la. Nadine, S\u00e9rgio e Joana discutem na O11O. Jo\u00e3o faz dupla com Paola na aula de m\u00fasica e Poliana e \u00c9ric ficam fica enciumados. Brenda acusa Mirela de ser uma candidata corrupta por prometer a r\u00e1dio do gr\u00eamio de volta \u00e0 escola e n\u00e3o poder cumprir.<\/p>\n<p>(*) edi\u00e7\u00e3o do SBT, Novela \u201cAs Aventuras de Poliana\u201d, sujeito a altera\u00e7\u00e3o de data e conte\u00fado.<\/p>\n<p>Poliana \u00e9 uma menina extrovertida e de bom cora\u00e7\u00e3o que viajava o Brasil com seus pais, Lorenzo e Alice, no grupo circense Trupe Vagalume. Aos onze anos a garota v\u00ea seu mundo desabar quando seus pais falecem e ela tem que ir morar em S\u00e3o Paulo com sua tia Lu\u00edsa, uma mulher rica e severa, a qual ela n\u00e3o conhecia e que n\u00e3o queria cuidar dela, embora sinta que \u00e9 sua obriga\u00e7\u00e3o pela alma de sua irm\u00e3. Apesar do jeito da rigidez da tia, Poliana decide ter uma vis\u00e3o positiva e inabal\u00e1vel da vida, mesmo nos momentos de dificuldade, tentando levar um pouco de felicidade para a vida de cada um dos seus novos amigos e vizinhos, como o Sr. Pendleton, um homem rico e infeliz por nunca ter tido filhos. Ela vai estudar no col\u00e9gio de Ruth, uma diretora de bom cora\u00e7\u00e3o que a ajuda a se adaptar, mas tem que lidar com as vilanias de Mirela, garota mais velha que n\u00e3o aceita perder a popularidade para uma novata.<\/p>\n","protected":false},"excerpt":{"rendered":"<p>Resumo novela \u201cAs Aventuras de Poliana\u201d 14\/01 : no cap\u00edtulo 174(*) da novela, resumo de segunda-feira, 14 de janeiro, S\u00e9rgio e Joana d\u00e3o uma bronca em M\u00e1rio pela invas\u00e3o na casa de Sr. Pendleton com o drone. Poliana vai \u00e0 casa de Sr. Pendleton e ele a aconselha sobre propostas para o gr\u00eamio da escola. [&hellip;]<\/p>\n","protected":false},"author":2,"featured_media":148663,"comment_status":"open","ping_status":"closed","sticky":false,"template":"","format":"standard","meta":{"tdm_status":"","tdm_grid_status":"","footnotes":""},"categories":[477,379,372,343],"tags":[441],"class_list":{"0":"post-165291","1":"post","2":"type-post","3":"status-publish","4":"format-standard","5":"has-post-thumbnail","7":"category-as-aventuras-de-poliana","8":"category-novelas","9":"category-sbt","10":"category-televisao","11":"tag-resumo-do-dia"},"_links":{"self":[{"href":"https:\/\/migracao.redenoticia.com.br\/noticia\/wp-json\/wp\/v2\/posts\/165291","targetHints":{"allow":["GET"]}}],"collection":[{"href":"https:\/\/migracao.redenoticia.com.br\/noticia\/wp-json\/wp\/v2\/posts"}],"about":[{"href":"https:\/\/migracao.redenoticia.com.br\/noticia\/wp-json\/wp\/v2\/types\/post"}],"author":[{"embeddable":true,"href":"https:\/\/migracao.redenoticia.com.br\/noticia\/wp-json\/wp\/v2\/users\/2"}],"replies":[{"embeddable":true,"href":"https:\/\/migracao.redenoticia.com.br\/noticia\/wp-json\/wp\/v2\/comments?post=165291"}],"version-history":[{"count":0,"href":"https:\/\/migracao.redenoticia.com.br\/noticia\/wp-json\/wp\/v2\/posts\/165291\/revisions"}],"wp:featuredmedia":[{"embeddable":true,"href":"https:\/\/migracao.redenoticia.com.br\/noticia\/wp-json\/wp\/v2\/media\/148663"}],"wp:attachment":[{"href":"https:\/\/migracao.redenoticia.com.br\/noticia\/wp-json\/wp\/v2\/media?parent=165291"}],"wp:term":[{"taxonomy":"category","embeddable":true,"href":"https:\/\/migracao.redenoticia.com.br\/noticia\/wp-json\/wp\/v2\/categories?post=165291"},{"taxonomy":"post_tag","embeddable":true,"href":"https:\/\/migracao.redenoticia.com.br\/noticia\/wp-json\/wp\/v2\/tags?post=165291"}],"curies":[{"name":"wp","href":"https:\/\/api.w.org\/{rel}","templated":true}]}}