{"id":165293,"date":"2019-01-11T23:50:06","date_gmt":"2019-01-12T01:50:06","guid":{"rendered":"https:\/\/www.redenoticia.com.br\/noticia\/?p=165293"},"modified":"2019-01-11T20:12:26","modified_gmt":"2019-01-11T22:12:26","slug":"resumo-novela-teresa-14-01-mayra-descobre-que-esperanca-esta-gravida","status":"publish","type":"post","link":"https:\/\/migracao.redenoticia.com.br\/noticia\/2019\/resumo-novela-teresa-14-01-mayra-descobre-que-esperanca-esta-gravida\/165293","title":{"rendered":"Resumo novela \u201cTeresa\u201d 14\/01: Mayra descobre que Esperan\u00e7a est\u00e1 gr\u00e1vida"},"content":{"rendered":"<p> <strong><em><img loading=\"lazy\" decoding=\"async\" class=\"aligncenter size-large wp-image-153986\" src=\"https:\/\/migracao.redenoticia.com.br\/noticia\/imagens\/teresa-sbt-360x300.jpg\" alt=\"\" width=\"360\" height=\"300\" srcset=\"https:\/\/migracao.redenoticia.com.br\/noticia\/imagens\/teresa-sbt-360x300.jpg 360w, https:\/\/migracao.redenoticia.com.br\/noticia\/imagens\/teresa-sbt-224x187.jpg 224w, https:\/\/migracao.redenoticia.com.br\/noticia\/imagens\/teresa-sbt-150x125.jpg 150w, https:\/\/migracao.redenoticia.com.br\/noticia\/imagens\/teresa-sbt.jpg 503w\" sizes=\"auto, (max-width: 360px) 100vw, 360px\" \/>Resumo novela \u201cTeresa\u201d 14\/01 <\/em><\/strong>: no cap\u00edtulo 071(*) da novela, segunda-feira, 14 de janeiro, Arthur procura Paloma e a diz que Teresa teve rela\u00e7\u00f5es intimas com Mariano e que agora entende o porqu\u00ea de Mariano se sentir com direito de interromper seu casamento. Mayra descobre que Esperan\u00e7a est\u00e1 gr\u00e1vida e exige que ela a conte se o filho \u00e9 de Rubens. Renan chega nesse momento e diz a Mayra que o filho que Esperan\u00e7a espera \u00e9 seu, que ela agora \u00e9 sua mulher e que v\u00e3o se casar. Esperan\u00e7a chorando agradece Renan por t\u00ea-la ajudado. Ele responde que nada o faria mais feliz que ser parte da vida de Esperan\u00e7a e de seu filho.<\/p>\n<p>Mariano diz a Aurora que ela tem raz\u00e3o ao dizer que o mundo n\u00e3o gira ao redor de Teresa. Aurora diz a Mariano que ele \u00e9 um tonto por seguir encantado por Teresa. Aurora diz a seu pai que, por mais que tente, n\u00e3o consegue se apaixonar por Martin. Arthur se sente culpado ao acordar na cama ao lado de Paloma e a diz que n\u00e3o deveriam ter feito isso, pois ama sua esposa. Paloma assegura que n\u00e3o vai pression\u00e1-lo e estar\u00e1 com ele quando ele quiser e precisar. Mayra diz a Genoveva que foi ver Esperan\u00e7a e ela est\u00e1 gr\u00e1vida, mas que esse filho n\u00e3o \u00e9 de Rubens e sim de outro homem com o qual ela vai se casar.<\/p>\n<p>Teresa diz a Arthur que ele cheira a \u00e1lcool e, porque n\u00e3o dormiu em casa, exige que ele diga onde esteve e com quem esteve. Arthur, alterado, diz que Teresa \u00e9 quem o oculta as coisas. Ela diz que apenas se preocupou com o esposo, pois pensou que poderia ter acontecido algo s\u00e9rio com ele. Fernando os escuta e tenta ajudar Arthur. Teresa, tentando encerrar o assunto, diz que o importante \u00e9 que Arthur j\u00e1 est\u00e1 em sua casa. Arthur confessa a Fernando que passou a noite com Paloma. Fernando, alterado, diz que n\u00e3o pode entender como um homem pode ser infiel tendo como esposa uma mulher como Teresa. Teresa diz a Arthur que teve rela\u00e7\u00f5es intimas com Mariano.<\/p>\n<p>(*) edi\u00e7\u00e3o do SBT, Novela \u201cTeresa\u201d, sujeito a altera\u00e7\u00e3o de data e conte\u00fado.<\/p>\n<p>&#8220;Teresa&#8221; \u00e9 uma jovem dominada pela ambi\u00e7\u00e3o, mas n\u00e3o est\u00e1 disposta a trabalhar para melhorar sua condi\u00e7\u00e3o social e opta pelo caminho do engano e da trai\u00e7\u00e3o. Seus pais fizeram um grande sacrif\u00edcio para lhe dar uma vida digna e sem car\u00eancias, mas para ela nada \u00e9 suficiente. Mariano est\u00e1 loucamente apaixonado por ela, a apoia incondicionalmente e est\u00e1 sempre a sua disposi\u00e7\u00e3o. Mas ela, apesar de gostar de Mariano, o v\u00ea apenas como algo de sua propriedade. Sempre que tem oportunidade, deixa o jovem para ir atr\u00e1s de homens com poder e fortuna. Ela s\u00f3 volta a ficar com ele quando sabe que h\u00e1 outras mulheres interessadas.<\/p>\n","protected":false},"excerpt":{"rendered":"<p>Resumo novela \u201cTeresa\u201d 14\/01 : no cap\u00edtulo 071(*) da novela, segunda-feira, 14 de janeiro, Arthur procura Paloma e a diz que Teresa teve rela\u00e7\u00f5es intimas com Mariano e que agora entende o porqu\u00ea de Mariano se sentir com direito de interromper seu casamento. Mayra descobre que Esperan\u00e7a est\u00e1 gr\u00e1vida e exige que ela a conte [&hellip;]<\/p>\n","protected":false},"author":2,"featured_media":82052,"comment_status":"open","ping_status":"closed","sticky":false,"template":"","format":"standard","meta":{"tdm_status":"","tdm_grid_status":"","footnotes":""},"categories":[379,372,343],"tags":[441],"class_list":{"0":"post-165293","1":"post","2":"type-post","3":"status-publish","4":"format-standard","5":"has-post-thumbnail","7":"category-novelas","8":"category-sbt","9":"category-televisao","10":"tag-resumo-do-dia"},"_links":{"self":[{"href":"https:\/\/migracao.redenoticia.com.br\/noticia\/wp-json\/wp\/v2\/posts\/165293","targetHints":{"allow":["GET"]}}],"collection":[{"href":"https:\/\/migracao.redenoticia.com.br\/noticia\/wp-json\/wp\/v2\/posts"}],"about":[{"href":"https:\/\/migracao.redenoticia.com.br\/noticia\/wp-json\/wp\/v2\/types\/post"}],"author":[{"embeddable":true,"href":"https:\/\/migracao.redenoticia.com.br\/noticia\/wp-json\/wp\/v2\/users\/2"}],"replies":[{"embeddable":true,"href":"https:\/\/migracao.redenoticia.com.br\/noticia\/wp-json\/wp\/v2\/comments?post=165293"}],"version-history":[{"count":0,"href":"https:\/\/migracao.redenoticia.com.br\/noticia\/wp-json\/wp\/v2\/posts\/165293\/revisions"}],"wp:featuredmedia":[{"embeddable":true,"href":"https:\/\/migracao.redenoticia.com.br\/noticia\/wp-json\/wp\/v2\/media\/82052"}],"wp:attachment":[{"href":"https:\/\/migracao.redenoticia.com.br\/noticia\/wp-json\/wp\/v2\/media?parent=165293"}],"wp:term":[{"taxonomy":"category","embeddable":true,"href":"https:\/\/migracao.redenoticia.com.br\/noticia\/wp-json\/wp\/v2\/categories?post=165293"},{"taxonomy":"post_tag","embeddable":true,"href":"https:\/\/migracao.redenoticia.com.br\/noticia\/wp-json\/wp\/v2\/tags?post=165293"}],"curies":[{"name":"wp","href":"https:\/\/api.w.org\/{rel}","templated":true}]}}