{"id":165336,"date":"2019-01-12T16:53:10","date_gmt":"2019-01-12T18:53:10","guid":{"rendered":"https:\/\/www.redenoticia.com.br\/noticia\/?p=165336"},"modified":"2019-01-12T16:53:10","modified_gmt":"2019-01-12T18:53:10","slug":"resumo-novela-o-tempo-nao-para-14-01-mateus-ordena-que-teofilo-seja-libertado","status":"publish","type":"post","link":"https:\/\/migracao.redenoticia.com.br\/noticia\/2019\/resumo-novela-o-tempo-nao-para-14-01-mateus-ordena-que-teofilo-seja-libertado\/165336","title":{"rendered":"Resumo novela \u201cO Tempo N\u00e3o Para\u201d 14\/01: Mateus ordena que Te\u00f3filo seja libertado"},"content":{"rendered":"<p> <strong><em><img loading=\"lazy\" decoding=\"async\" class=\"aligncenter size-large wp-image-149486\" src=\"https:\/\/migracao.redenoticia.com.br\/noticia\/imagens\/o-tempo-nao-para-resumo-novela-33-400x225.jpg\" alt=\"\" width=\"400\" height=\"225\" srcset=\"https:\/\/migracao.redenoticia.com.br\/noticia\/imagens\/o-tempo-nao-para-resumo-novela-33-400x225.jpg 400w, https:\/\/migracao.redenoticia.com.br\/noticia\/imagens\/o-tempo-nao-para-resumo-novela-33-250x141.jpg 250w, https:\/\/migracao.redenoticia.com.br\/noticia\/imagens\/o-tempo-nao-para-resumo-novela-33-150x84.jpg 150w, https:\/\/migracao.redenoticia.com.br\/noticia\/imagens\/o-tempo-nao-para-resumo-novela-33.jpg 640w\" sizes=\"auto, (max-width: 400px) 100vw, 400px\" \/>Resumo novela \u201cO Tempo N\u00e3o Para\u201d 14\/01 <\/em><\/strong>: no cap\u00edtulo 144(*) da novela, resumo segunda-feira, 14 de janeiro, L\u00facio n\u00e3o gosta de ver a manifesta\u00e7\u00e3o popular em prol da Samvita. Vanda avisa a Petra que n\u00e3o sair\u00e1 da Criotec enquanto Te\u00f3filo n\u00e3o confirmar que foi conduzido \u00e0 empresa por sua vontade. Mateus pede a Waleska que n\u00e3o se envolva com a fam\u00edlia de Dom Sabino. Carmen diz a Livaldo que s\u00f3 o perdoar\u00e1 se ele retirar a a\u00e7\u00e3o que questiona a patente do adubo. Mateus ordena que Te\u00f3filo seja libertado e avisa a Petra que eles precisam de base legal para conseguir a tutela de toda a fam\u00edlia.<\/p>\n<p>L\u00facio comunica a Dom Sabino que a decis\u00e3o judicial para autorizar a implos\u00e3o da Samvita foi expedida. Elmo pede Miss Celine em casamento. Betina fica tensa quando escuta L\u00facio pedir a Mariacarla o inqu\u00e9rito completo sobre a morte de Em\u00edlio. Dom Sabino agradece as pessoas que apoiaram a manifesta\u00e7\u00e3o pela Samvita. O comandante da Pol\u00edcia amea\u00e7a os manifestantes, caso eles n\u00e3o cumpram a ordem de deixar o local.<\/p>\n<p>(*) edi\u00e7\u00e3o da Rede Globo, Novela \u201cO Tempo N\u00e3o Para\u201d, sujeito a altera\u00e7\u00e3o de data e conte\u00fado.<\/p>\n<p>Anos de avan\u00e7os e descobertas que moldaram costumes, h\u00e1bitos e linguagens da sociedade contempor\u00e2nea v\u00e3o gerar um choque em uma abastada fam\u00edlia do s\u00e9culo XIX que desperta no s\u00e9culo XXI. Por 132 anos, os Sabino Machado e seus agregados ficaram congelados, dentro de um bloco de gelo, enquanto a vida l\u00e1 fora passava. Agora, v\u00e3o despertar em uma S\u00e3o Paulo pulsante e turbulenta e se deparar com a sociedade em pleno 2018. &#8220;O Tempo N\u00e3o Para&#8221;, nova novela das 7, \u00e9 escrita por Mario Teixeira e tem dire\u00e7\u00e3o art\u00edstica de Leonardo Nogueira.<\/p>\n","protected":false},"excerpt":{"rendered":"<p>Resumo novela \u201cO Tempo N\u00e3o Para\u201d 14\/01 : no cap\u00edtulo 144(*) da novela, resumo segunda-feira, 14 de janeiro, L\u00facio n\u00e3o gosta de ver a manifesta\u00e7\u00e3o popular em prol da Samvita. Vanda avisa a Petra que n\u00e3o sair\u00e1 da Criotec enquanto Te\u00f3filo n\u00e3o confirmar que foi conduzido \u00e0 empresa por sua vontade. Mateus pede a Waleska [&hellip;]<\/p>\n","protected":false},"author":2,"featured_media":148135,"comment_status":"open","ping_status":"closed","sticky":false,"template":"","format":"standard","meta":{"tdm_status":"","tdm_grid_status":"","footnotes":""},"categories":[379,490,375,343],"tags":[441],"class_list":{"0":"post-165336","1":"post","2":"type-post","3":"status-publish","4":"format-standard","5":"has-post-thumbnail","7":"category-novelas","8":"category-o-tempo-nao-para","9":"category-rede-globo","10":"category-televisao","11":"tag-resumo-do-dia"},"_links":{"self":[{"href":"https:\/\/migracao.redenoticia.com.br\/noticia\/wp-json\/wp\/v2\/posts\/165336","targetHints":{"allow":["GET"]}}],"collection":[{"href":"https:\/\/migracao.redenoticia.com.br\/noticia\/wp-json\/wp\/v2\/posts"}],"about":[{"href":"https:\/\/migracao.redenoticia.com.br\/noticia\/wp-json\/wp\/v2\/types\/post"}],"author":[{"embeddable":true,"href":"https:\/\/migracao.redenoticia.com.br\/noticia\/wp-json\/wp\/v2\/users\/2"}],"replies":[{"embeddable":true,"href":"https:\/\/migracao.redenoticia.com.br\/noticia\/wp-json\/wp\/v2\/comments?post=165336"}],"version-history":[{"count":0,"href":"https:\/\/migracao.redenoticia.com.br\/noticia\/wp-json\/wp\/v2\/posts\/165336\/revisions"}],"wp:featuredmedia":[{"embeddable":true,"href":"https:\/\/migracao.redenoticia.com.br\/noticia\/wp-json\/wp\/v2\/media\/148135"}],"wp:attachment":[{"href":"https:\/\/migracao.redenoticia.com.br\/noticia\/wp-json\/wp\/v2\/media?parent=165336"}],"wp:term":[{"taxonomy":"category","embeddable":true,"href":"https:\/\/migracao.redenoticia.com.br\/noticia\/wp-json\/wp\/v2\/categories?post=165336"},{"taxonomy":"post_tag","embeddable":true,"href":"https:\/\/migracao.redenoticia.com.br\/noticia\/wp-json\/wp\/v2\/tags?post=165336"}],"curies":[{"name":"wp","href":"https:\/\/api.w.org\/{rel}","templated":true}]}}