{"id":165433,"date":"2019-01-17T13:19:09","date_gmt":"2019-01-17T15:19:09","guid":{"rendered":"https:\/\/www.redenoticia.com.br\/noticia\/?p=165433"},"modified":"2019-01-18T22:47:02","modified_gmt":"2019-01-19T00:47:02","slug":"novela-o-tempo-nao-para-detetive-mostra-video-do-crime-para-lucio","status":"publish","type":"post","link":"https:\/\/migracao.redenoticia.com.br\/noticia\/2019\/novela-o-tempo-nao-para-detetive-mostra-video-do-crime-para-lucio\/165433","title":{"rendered":"Novela \u201cO Tempo N\u00e3o Para\u201d: detetive mostra v\u00eddeo do crime para L\u00facio"},"content":{"rendered":"<p><img loading=\"lazy\" decoding=\"async\" class=\"aligncenter size-large wp-image-148135\" src=\"https:\/\/migracao.redenoticia.com.br\/noticia\/imagens\/o-tempo-nao-para-novela-resumo-400x201.jpg\" alt=\"\" width=\"400\" height=\"201\" srcset=\"https:\/\/migracao.redenoticia.com.br\/noticia\/imagens\/o-tempo-nao-para-novela-resumo-400x201.jpg 400w, https:\/\/migracao.redenoticia.com.br\/noticia\/imagens\/o-tempo-nao-para-novela-resumo-250x126.jpg 250w, https:\/\/migracao.redenoticia.com.br\/noticia\/imagens\/o-tempo-nao-para-novela-resumo-768x386.jpg 768w, https:\/\/migracao.redenoticia.com.br\/noticia\/imagens\/o-tempo-nao-para-novela-resumo-696x350.jpg 696w, https:\/\/migracao.redenoticia.com.br\/noticia\/imagens\/o-tempo-nao-para-novela-resumo-150x75.jpg 150w, https:\/\/migracao.redenoticia.com.br\/noticia\/imagens\/o-tempo-nao-para-novela-resumo.jpg 810w\" sizes=\"auto, (max-width: 400px) 100vw, 400px\" \/><strong><em>Novela \u201cO Tempo N\u00e3o Para\u201d:<\/em><\/strong> L\u00facio (Jo\u00e3o Baldasserini) fala com o detetive particular que investiga a morte do irm\u00e3o, o profissional garante que obteve novas provas e L\u00facio conta para Betina (Cleo): &#8220;Ele me disse que, depois de muito tempo, conseguiu acesso a uma c\u00e2mera na rua da floricultura onde o buqu\u00ea que o Em\u00edlio levava foi comprado&#8221;. Betina demonstra que ficou preocupada.<\/p>\n<p>Logo depois, o\u00a0investigador mostra um v\u00eddeo, L\u00facio reconhece Betina com as flores e ouve do profissional: &#8220;Infelizmente a imagem n\u00e3o mente. A partir dessas imagens, senhor L\u00facio, eu investiguei mais e descobri que a cobra coral que matou o seu irm\u00e3o foi conseguida pelo amigo da Betina, o Igor (L\u00e9o Bahia)&#8221;. L\u00facio fica chocado. Cena prevista para o final da Novela \u201cO Tempo N\u00e3o Para\u201d.<\/p>\n<p>Sinopse \u201cO Tempo N\u00e3o Para\u201d: Anos de avan\u00e7os e descobertas que moldaram costumes, h\u00e1bitos e linguagens da sociedade contempor\u00e2nea v\u00e3o gerar um choque em uma abastada fam\u00edlia do s\u00e9culo XIX que desperta no s\u00e9culo XXI. Por 132 anos, os Sabino Machado e seus agregados ficaram congelados, dentro de um bloco de gelo, enquanto a vida l\u00e1 fora passava. Agora, v\u00e3o despertar em uma S\u00e3o Paulo pulsante e turbulenta e se deparar com a sociedade em pleno 2018. &#8220;O Tempo N\u00e3o Para&#8221;, nova novela das 7, \u00e9 escrita por Mario Teixeira e tem dire\u00e7\u00e3o art\u00edstica de Leonardo Nogueira.<\/p>\n","protected":false},"excerpt":{"rendered":"<p>Novela \u201cO Tempo N\u00e3o Para\u201d: L\u00facio (Jo\u00e3o Baldasserini) fala com o detetive particular que investiga a morte do irm\u00e3o, o profissional garante que obteve novas provas e L\u00facio conta para Betina (Cleo): &#8220;Ele me disse que, depois de muito tempo, conseguiu acesso a uma c\u00e2mera na rua da floricultura onde o buqu\u00ea que o Em\u00edlio [&hellip;]<\/p>\n","protected":false},"author":2,"featured_media":151636,"comment_status":"open","ping_status":"closed","sticky":false,"template":"","format":"standard","meta":{"tdm_status":"","tdm_grid_status":"","footnotes":""},"categories":[388,379,490,375,343],"tags":[440],"class_list":{"0":"post-165433","1":"post","2":"type-post","3":"status-publish","4":"format-standard","5":"has-post-thumbnail","7":"category-destaques","8":"category-novelas","9":"category-o-tempo-nao-para","10":"category-rede-globo","11":"category-televisao","12":"tag-noticia-novela"},"_links":{"self":[{"href":"https:\/\/migracao.redenoticia.com.br\/noticia\/wp-json\/wp\/v2\/posts\/165433","targetHints":{"allow":["GET"]}}],"collection":[{"href":"https:\/\/migracao.redenoticia.com.br\/noticia\/wp-json\/wp\/v2\/posts"}],"about":[{"href":"https:\/\/migracao.redenoticia.com.br\/noticia\/wp-json\/wp\/v2\/types\/post"}],"author":[{"embeddable":true,"href":"https:\/\/migracao.redenoticia.com.br\/noticia\/wp-json\/wp\/v2\/users\/2"}],"replies":[{"embeddable":true,"href":"https:\/\/migracao.redenoticia.com.br\/noticia\/wp-json\/wp\/v2\/comments?post=165433"}],"version-history":[{"count":0,"href":"https:\/\/migracao.redenoticia.com.br\/noticia\/wp-json\/wp\/v2\/posts\/165433\/revisions"}],"wp:featuredmedia":[{"embeddable":true,"href":"https:\/\/migracao.redenoticia.com.br\/noticia\/wp-json\/wp\/v2\/media\/151636"}],"wp:attachment":[{"href":"https:\/\/migracao.redenoticia.com.br\/noticia\/wp-json\/wp\/v2\/media?parent=165433"}],"wp:term":[{"taxonomy":"category","embeddable":true,"href":"https:\/\/migracao.redenoticia.com.br\/noticia\/wp-json\/wp\/v2\/categories?post=165433"},{"taxonomy":"post_tag","embeddable":true,"href":"https:\/\/migracao.redenoticia.com.br\/noticia\/wp-json\/wp\/v2\/tags?post=165433"}],"curies":[{"name":"wp","href":"https:\/\/api.w.org\/{rel}","templated":true}]}}