{"id":165484,"date":"2019-01-14T14:17:01","date_gmt":"2019-01-14T16:17:01","guid":{"rendered":"https:\/\/www.redenoticia.com.br\/noticia\/?p=165484"},"modified":"2019-01-14T18:58:25","modified_gmt":"2019-01-14T20:58:25","slug":"resumo-novela-o-tempo-nao-para-15-01-livaldo-retrocede-no-processo-da-patente-do-adubo","status":"publish","type":"post","link":"https:\/\/migracao.redenoticia.com.br\/noticia\/2019\/resumo-novela-o-tempo-nao-para-15-01-livaldo-retrocede-no-processo-da-patente-do-adubo\/165484","title":{"rendered":"Resumo novela \u201cO Tempo N\u00e3o Para\u201d 15\/01: Livaldo retrocede no processo da patente"},"content":{"rendered":"<p><strong><em><img loading=\"lazy\" decoding=\"async\" class=\"aligncenter size-large wp-image-149486\" src=\"https:\/\/migracao.redenoticia.com.br\/noticia\/imagens\/o-tempo-nao-para-resumo-novela-33-400x225.jpg\" alt=\"\" width=\"400\" height=\"225\" srcset=\"https:\/\/migracao.redenoticia.com.br\/noticia\/imagens\/o-tempo-nao-para-resumo-novela-33-400x225.jpg 400w, https:\/\/migracao.redenoticia.com.br\/noticia\/imagens\/o-tempo-nao-para-resumo-novela-33-250x141.jpg 250w, https:\/\/migracao.redenoticia.com.br\/noticia\/imagens\/o-tempo-nao-para-resumo-novela-33-150x84.jpg 150w, https:\/\/migracao.redenoticia.com.br\/noticia\/imagens\/o-tempo-nao-para-resumo-novela-33.jpg 640w\" sizes=\"auto, (max-width: 400px) 100vw, 400px\" \/>Resumo novela \u201cO Tempo N\u00e3o Para\u201d 15\/01 <\/em><\/strong>: no cap\u00edtulo 145(*) da novela, resumo ter\u00e7a-feira, 15 de janeiro, Marocas avisa a Agustina sobre um poss\u00edvel confronto com os policiais e pede \u00e0 m\u00e3e que reze por eles. Elmo se nega a atender Mariacarla em sua padaria. Rodney avisa a L\u00facio que implodir\u00e1 o pr\u00e9dio assim que a \u00e1rea for isolada. Vanda comunica a todos que a implos\u00e3o do pr\u00e9dio est\u00e1 suspensa. Livaldo escuta Rodney avisar a L\u00facio que colocar\u00e1 o pr\u00e9dio da Samvita abaixo assim que o empres\u00e1rio autorizar.<\/p>\n<p>Vanda comunica que Livaldo retrocedeu no processo da patente do adubo. Samuca, Marocas e Carmen decidem ir ao local para alertar os presentes sobre o perigo que correm ao estarem pr\u00f3ximos ao pr\u00e9dio da empresa. Carmen orienta Elmo a fechar a padaria e mandar todo mundo embora do local. Samuca e Marocas avistam o carro de Rodney e cercam o ve\u00edculo. L\u00facio autoriza Rodney a implodir o pr\u00e9dio da Samvita.<\/p>\n<p>(*) edi\u00e7\u00e3o da Rede Globo, Novela \u201cO Tempo N\u00e3o Para\u201d, sujeito a altera\u00e7\u00e3o de data e conte\u00fado.<\/p>\n<p>Anos de avan\u00e7os e descobertas que moldaram costumes, h\u00e1bitos e linguagens da sociedade contempor\u00e2nea v\u00e3o gerar um choque em uma abastada fam\u00edlia do s\u00e9culo XIX que desperta no s\u00e9culo XXI. Por 132 anos, os Sabino Machado e seus agregados ficaram congelados, dentro de um bloco de gelo, enquanto a vida l\u00e1 fora passava. Agora, v\u00e3o despertar em uma S\u00e3o Paulo pulsante e turbulenta e se deparar com a sociedade em pleno 2018. &#8220;O Tempo N\u00e3o Para&#8221;, nova novela das 7, \u00e9 escrita por Mario Teixeira e tem dire\u00e7\u00e3o art\u00edstica de Leonardo Nogueira.<\/p>\n","protected":false},"excerpt":{"rendered":"<p>Resumo novela \u201cO Tempo N\u00e3o Para\u201d 15\/01 : no cap\u00edtulo 145(*) da novela, resumo ter\u00e7a-feira, 15 de janeiro, Marocas avisa a Agustina sobre um poss\u00edvel confronto com os policiais e pede \u00e0 m\u00e3e que reze por eles. Elmo se nega a atender Mariacarla em sua padaria. Rodney avisa a L\u00facio que implodir\u00e1 o pr\u00e9dio assim [&hellip;]<\/p>\n","protected":false},"author":4,"featured_media":148135,"comment_status":"open","ping_status":"closed","sticky":false,"template":"","format":"standard","meta":{"tdm_status":"","tdm_grid_status":"","footnotes":""},"categories":[379,490,375,343],"tags":[441],"class_list":{"0":"post-165484","1":"post","2":"type-post","3":"status-publish","4":"format-standard","5":"has-post-thumbnail","7":"category-novelas","8":"category-o-tempo-nao-para","9":"category-rede-globo","10":"category-televisao","11":"tag-resumo-do-dia"},"_links":{"self":[{"href":"https:\/\/migracao.redenoticia.com.br\/noticia\/wp-json\/wp\/v2\/posts\/165484","targetHints":{"allow":["GET"]}}],"collection":[{"href":"https:\/\/migracao.redenoticia.com.br\/noticia\/wp-json\/wp\/v2\/posts"}],"about":[{"href":"https:\/\/migracao.redenoticia.com.br\/noticia\/wp-json\/wp\/v2\/types\/post"}],"author":[{"embeddable":true,"href":"https:\/\/migracao.redenoticia.com.br\/noticia\/wp-json\/wp\/v2\/users\/4"}],"replies":[{"embeddable":true,"href":"https:\/\/migracao.redenoticia.com.br\/noticia\/wp-json\/wp\/v2\/comments?post=165484"}],"version-history":[{"count":0,"href":"https:\/\/migracao.redenoticia.com.br\/noticia\/wp-json\/wp\/v2\/posts\/165484\/revisions"}],"wp:featuredmedia":[{"embeddable":true,"href":"https:\/\/migracao.redenoticia.com.br\/noticia\/wp-json\/wp\/v2\/media\/148135"}],"wp:attachment":[{"href":"https:\/\/migracao.redenoticia.com.br\/noticia\/wp-json\/wp\/v2\/media?parent=165484"}],"wp:term":[{"taxonomy":"category","embeddable":true,"href":"https:\/\/migracao.redenoticia.com.br\/noticia\/wp-json\/wp\/v2\/categories?post=165484"},{"taxonomy":"post_tag","embeddable":true,"href":"https:\/\/migracao.redenoticia.com.br\/noticia\/wp-json\/wp\/v2\/tags?post=165484"}],"curies":[{"name":"wp","href":"https:\/\/api.w.org\/{rel}","templated":true}]}}