{"id":165506,"date":"2019-01-14T19:43:26","date_gmt":"2019-01-14T21:43:26","guid":{"rendered":"https:\/\/www.redenoticia.com.br\/noticia\/?p=165506"},"modified":"2019-01-14T19:43:26","modified_gmt":"2019-01-14T21:43:26","slug":"concurso-servico-de-limpeza-urbana-do-df-publica-abertura-de-certame","status":"publish","type":"post","link":"https:\/\/migracao.redenoticia.com.br\/noticia\/2019\/concurso-servico-de-limpeza-urbana-do-df-publica-abertura-de-certame\/165506","title":{"rendered":"Concurso: Servi\u00e7o de Limpeza Urbana do DF publica abertura de certame"},"content":{"rendered":"<p> O Servi\u00e7o de Limpeza Urbana (SLU) do Distrito Federal (DF) lan\u00e7ou sele\u00e7\u00e3o que visa o provimento de vagas e forma\u00e7\u00e3o de cadastro de reserva no cargo de Analista de Gest\u00e3o de Res\u00edduos S\u00f3lidos do \u00d3rg\u00e3o. S\u00e3o 50 vagas distribu\u00eddas entre as 19 Especialidades oferecidas pelo cargo, al\u00e9m de outras 100 oportunidades no cadastro de reserva. Para concorrer, os candidatos devem possuir diploma de conclus\u00e3o de curso de gradua\u00e7\u00e3o na Especialidade escolhida durante a inscri\u00e7\u00e3o. Todos os detalhes para participar do certame est\u00e3o descritos no edital de abertura do <strong><em>concurso<\/em><\/strong>. A remunera\u00e7\u00e3o \u00e9 de R$ 5.070,00 para jornada de trabalho de 30 horas semanais.<\/p>\n<p>A confirma\u00e7\u00e3o de participa\u00e7\u00e3o pode ser feita entre 11 de mar\u00e7o e 1\u00ba de abril, por meio do site\u00a0. A taxa de inscri\u00e7\u00e3o \u00e9 R$ 65,00.<\/p>\n<p>SELE\u00c7\u00c3O\u00a0\u2013 O concurso ocorre por meio de provas objetivas para todos os candidatos e a avalia\u00e7\u00e3o biopsicossocial, somente para os candidatos que concorrerem \u00e0s vagas reservadas \u00e0s pessoas com defici\u00eancia. As provas objetivas devem ser aplicadas na data prov\u00e1vel de 19 de maio, na cidade de Bras\u00edlia\/DF.<\/p>\n<p>SERVI\u00c7O<br \/>\nConcurso p\u00fablico:\u00a0Servi\u00e7o de Limpeza Urbana (SLU) do Distrito Federal (DF)<br \/>\nCargo:\u00a0Analista de Gest\u00e3o de Res\u00edduos S\u00f3lidos<br \/>\nVagas:\u00a050, al\u00e9m de amplo cadastro de reserva<br \/>\nRemunera\u00e7\u00e3o:\u00a0R$ 5.070,00<br \/>\nInscri\u00e7\u00f5es:\u00a0entre 11 de mar\u00e7o e 1\u00ba de abril<br \/>\nTaxa:\u00a0R$ 65,00<br \/>\nProvas objetivas:\u00a019 de maio<\/p>\n<p>CONTATO<br \/>\nOutras informa\u00e7\u00f5es no endere\u00e7o eletr\u00f4nico\u00a0\u00a0ou na Central de Atendimento do Cebraspe, de segunda a sexta, das 8h \u00e0s 19h \u2013 Campus Universit\u00e1rio Darcy Ribeiro, Sede do Cebraspe \u2013 (61) 3448 0100.<\/p>\n","protected":false},"excerpt":{"rendered":"<p>O Servi\u00e7o de Limpeza Urbana (SLU) do Distrito Federal (DF) lan\u00e7ou sele\u00e7\u00e3o que visa o provimento de vagas e forma\u00e7\u00e3o de cadastro de reserva no cargo de Analista de Gest\u00e3o de Res\u00edduos S\u00f3lidos do \u00d3rg\u00e3o. S\u00e3o 50 vagas distribu\u00eddas entre as 19 Especialidades oferecidas pelo cargo, al\u00e9m de outras 100 oportunidades no cadastro de reserva. [&hellip;]<\/p>\n","protected":false},"author":2,"featured_media":148308,"comment_status":"open","ping_status":"closed","sticky":false,"template":"","format":"standard","meta":{"tdm_status":"","tdm_grid_status":"","footnotes":""},"categories":[352,370],"tags":[],"class_list":{"0":"post-165506","1":"post","2":"type-post","3":"status-publish","4":"format-standard","5":"has-post-thumbnail","7":"category-concursos","8":"category-inscricao"},"_links":{"self":[{"href":"https:\/\/migracao.redenoticia.com.br\/noticia\/wp-json\/wp\/v2\/posts\/165506","targetHints":{"allow":["GET"]}}],"collection":[{"href":"https:\/\/migracao.redenoticia.com.br\/noticia\/wp-json\/wp\/v2\/posts"}],"about":[{"href":"https:\/\/migracao.redenoticia.com.br\/noticia\/wp-json\/wp\/v2\/types\/post"}],"author":[{"embeddable":true,"href":"https:\/\/migracao.redenoticia.com.br\/noticia\/wp-json\/wp\/v2\/users\/2"}],"replies":[{"embeddable":true,"href":"https:\/\/migracao.redenoticia.com.br\/noticia\/wp-json\/wp\/v2\/comments?post=165506"}],"version-history":[{"count":0,"href":"https:\/\/migracao.redenoticia.com.br\/noticia\/wp-json\/wp\/v2\/posts\/165506\/revisions"}],"wp:featuredmedia":[{"embeddable":true,"href":"https:\/\/migracao.redenoticia.com.br\/noticia\/wp-json\/wp\/v2\/media\/148308"}],"wp:attachment":[{"href":"https:\/\/migracao.redenoticia.com.br\/noticia\/wp-json\/wp\/v2\/media?parent=165506"}],"wp:term":[{"taxonomy":"category","embeddable":true,"href":"https:\/\/migracao.redenoticia.com.br\/noticia\/wp-json\/wp\/v2\/categories?post=165506"},{"taxonomy":"post_tag","embeddable":true,"href":"https:\/\/migracao.redenoticia.com.br\/noticia\/wp-json\/wp\/v2\/tags?post=165506"}],"curies":[{"name":"wp","href":"https:\/\/api.w.org\/{rel}","templated":true}]}}