{"id":165515,"date":"2019-01-14T19:49:05","date_gmt":"2019-01-14T21:49:05","guid":{"rendered":"https:\/\/www.redenoticia.com.br\/noticia\/?p=165515"},"modified":"2019-01-14T19:49:05","modified_gmt":"2019-01-14T21:49:05","slug":"fatecs-sediam-maratona-de-desenvolvimento-de-games","status":"publish","type":"post","link":"https:\/\/migracao.redenoticia.com.br\/noticia\/2019\/fatecs-sediam-maratona-de-desenvolvimento-de-games\/165515","title":{"rendered":"Fatecs sediam maratona de desenvolvimento de games"},"content":{"rendered":"<p> As Faculdades de Tecnologia do Estado (Fatecs) de Carapicu\u00edba, Ourinhos e S\u00e3o Caetano do Sul v\u00e3o sediar, nos dias 25, 26 e 27 de janeiro, a 11\u00aa edi\u00e7\u00e3o do <strong><em>Global Game Jam<\/em><\/strong> (GGJ). Aberto ao p\u00fablico, o evento \u00e9 direcionado a quem tem interesse na \u00e1rea de desenvolvimento de jogos.<\/p>\n<p>No total, ser\u00e3o 48 sedes no Brasil e 777 ao redor do mundo. Os interessados devem se inscrever no\u00a0\u00a0at\u00e9 quarta-feira, dia 23. A partir desta data, as inscri\u00e7\u00f5es ficar\u00e3o sujeitas a uma lista de espera.<\/p>\n<p>O objetivo do Game Jam \u00e9 reunir artistas, projetistas, programadores, m\u00fasicos, dubladores e escritores para criarem games de acordo com uma tem\u00e1tica elaborada pela organiza\u00e7\u00e3o. Ser\u00e3o selecionadas equipes com integrantes de diferentes \u00e1reas, cada um contribuindo com o seu talento. Os jogos elaborados ser\u00e3o hospedados no\u00a0\u00a0mundial do evento.<\/p>\n<p>Na Fatec S\u00e3o Caetano do Sul, a maratona iniciar\u00e1 \u00e0s 17 horas da sexta-feira, 25, com a divulga\u00e7\u00e3o do tema dos jogos. At\u00e9 domingo, \u00e0s 15 horas, os games dever\u00e3o estar conclu\u00eddos para a organiza\u00e7\u00e3o iniciar a submiss\u00e3o ao site do GGJ. Ainda no domingo, 27, est\u00e1 prevista uma sess\u00e3o onde cada grupo apresentar\u00e1 seu jogo para os demais participantes.<\/p>\n<p>\u201cAcreditamos que podemos contribuir com a ind\u00fastria brasileira de jogos digitais n\u00e3o apenas com a forma\u00e7\u00e3o, mas com a promo\u00e7\u00e3o de eventos como esse, que nos permite uma maior aproxima\u00e7\u00e3o com a comunidade de desenvolvedores\u201d, afirma o professor Alan Carvalho.<\/p>\n<p>Um dos destaques da unidade para o evento \u00e9 a sala \u201cTree of Audio\u201d, reservada para um grupo de profissionais liderados por Thiago Adamo, um dos grandes nomes no ramo de \u00e1udio para jogos no Brasil. Al\u00e9m de desenvolverem seus pr\u00f3prios jogos, os artistas v\u00e3o contribuir com as outras equipes, seja por meio de m\u00fasicas ou com efeitos sonoros.<\/p>\n<p>Global Game Jam<br \/>\nQuando: 25 a 27 de janeiro<br \/>\nHor\u00e1rio: a partir das 17 horas<\/p>\n<p>Onde:\u00a0Fatec Carapicu\u00edba<br \/>\nRua Francisco Pignatari, 350 \u2013 Carapicu\u00edba<\/p>\n<p>Fatec Ourinhos<br \/>\nAv. Vitalina Marcusso, 1400 \u2013 Ourinhos<\/p>\n<p>Fatec S\u00e3o Caetano do Sul<br \/>\nRua Bell Aliance, 225 \u2013 S\u00e3o Caetano do Sul<\/p>\n<p>http:\/\/www.saopaulo.sp.gov.br\/spnoticias\/ultimas-noticias\/ <\/p>\n","protected":false},"excerpt":{"rendered":"<p>As Faculdades de Tecnologia do Estado (Fatecs) de Carapicu\u00edba, Ourinhos e S\u00e3o Caetano do Sul v\u00e3o sediar, nos dias 25, 26 e 27 de janeiro, a 11\u00aa edi\u00e7\u00e3o do Global Game Jam (GGJ). Aberto ao p\u00fablico, o evento \u00e9 direcionado a quem tem interesse na \u00e1rea de desenvolvimento de jogos. No total, ser\u00e3o 48 sedes [&hellip;]<\/p>\n","protected":false},"author":2,"featured_media":148157,"comment_status":"open","ping_status":"closed","sticky":false,"template":"","format":"standard","meta":{"tdm_status":"","tdm_grid_status":"","footnotes":""},"categories":[370,353],"tags":[],"class_list":{"0":"post-165515","1":"post","2":"type-post","3":"status-publish","4":"format-standard","5":"has-post-thumbnail","7":"category-inscricao","8":"category-oportunidades"},"_links":{"self":[{"href":"https:\/\/migracao.redenoticia.com.br\/noticia\/wp-json\/wp\/v2\/posts\/165515","targetHints":{"allow":["GET"]}}],"collection":[{"href":"https:\/\/migracao.redenoticia.com.br\/noticia\/wp-json\/wp\/v2\/posts"}],"about":[{"href":"https:\/\/migracao.redenoticia.com.br\/noticia\/wp-json\/wp\/v2\/types\/post"}],"author":[{"embeddable":true,"href":"https:\/\/migracao.redenoticia.com.br\/noticia\/wp-json\/wp\/v2\/users\/2"}],"replies":[{"embeddable":true,"href":"https:\/\/migracao.redenoticia.com.br\/noticia\/wp-json\/wp\/v2\/comments?post=165515"}],"version-history":[{"count":0,"href":"https:\/\/migracao.redenoticia.com.br\/noticia\/wp-json\/wp\/v2\/posts\/165515\/revisions"}],"wp:featuredmedia":[{"embeddable":true,"href":"https:\/\/migracao.redenoticia.com.br\/noticia\/wp-json\/wp\/v2\/media\/148157"}],"wp:attachment":[{"href":"https:\/\/migracao.redenoticia.com.br\/noticia\/wp-json\/wp\/v2\/media?parent=165515"}],"wp:term":[{"taxonomy":"category","embeddable":true,"href":"https:\/\/migracao.redenoticia.com.br\/noticia\/wp-json\/wp\/v2\/categories?post=165515"},{"taxonomy":"post_tag","embeddable":true,"href":"https:\/\/migracao.redenoticia.com.br\/noticia\/wp-json\/wp\/v2\/tags?post=165515"}],"curies":[{"name":"wp","href":"https:\/\/api.w.org\/{rel}","templated":true}]}}