{"id":1656,"date":"2009-05-14T19:34:05","date_gmt":"2009-05-14T23:34:05","guid":{"rendered":"http:\/\/www.redenoticia.com.br\/noticia\/?p=1656"},"modified":"2009-05-14T19:34:05","modified_gmt":"2009-05-14T23:34:05","slug":"instituto-do-cancer-comemora-um-ano-com-100-mil-atendimentos","status":"publish","type":"post","link":"https:\/\/migracao.redenoticia.com.br\/noticia\/2009\/instituto-do-cancer-comemora-um-ano-com-100-mil-atendimentos\/1656","title":{"rendered":"Instituto do C\u00e2ncer comemora um ano com 100 mil atendimentos"},"content":{"rendered":"<p class=\"MsoNormal\"><span style=\"font-family: Arial;\">O Instituto do C\u00e2ncer do Estado de S\u00e3o Paulo Octavio Frias de Oliveira, ligado \u00e0 Secretaria de Estado da Sa\u00fade e \u00e0 Faculdade de Medicina da USP, completa seu primeiro ano de funcionamento com balan\u00e7o de 100 mil procedimentos acumulados desde sua inaugura\u00e7\u00e3o, em 6 de maio de 2008. <\/span><\/p>\n<p class=\"MsoNormal\"><span style=\"font-family: Arial;\">Com as alas de interna\u00e7\u00e3o e cirurgia ativadas no segundo semestre do ano passado foram contabilizados, at\u00e9 dezembro, 28.431 atendimentos ambulatoriais, 52 cirurgias, 187 interna\u00e7\u00f5es em enfermaria e Unidade de Terapia Intensiva, 14.657 sess\u00f5es de quimioterapia e 13.836 exames de imagem, incluindo ultrassonografias, raios-X, tomografia computadorizada e mamografia.<\/span><\/p>\n<p class=\"MsoNormal\"><span style=\"font-family: Arial;\">J\u00e1 em 2009 a capacidade de atendimento foi ampliada, conforme plano de metas estabelecido previamente. Nos tr\u00eas primeiros meses deste ano foram realizados, mensalmente, 4.680 atendimentos ambulatoriais, 348 admiss\u00f5es em enfermaria e UTI, 128 cirurgias, 1.818 sess\u00f5es de quimioterapia e 3.171 exames de imagem. Com expressiva eleva\u00e7\u00e3o do n\u00famero de procedimentos nos meses de mar\u00e7o e abril foi poss\u00edvel ultrapassar a marca dos 100 mil atendimentos.<\/span><\/p>\n<p class=\"MsoNormal\"><span style=\"font-family: Arial;\">Hoje, cerca de seis mil pacientes com diagn\u00f3stico de c\u00e2ncer s\u00e3o atendidos mensalmente e tratados por alguns dos mais qualificados profissionais do Brasil nesta especialidade.<\/span><\/p>\n<p class=\"MsoNormal\"><span style=\"font-family: Arial;\">Quando estiver em pleno funcionamento, o Instituto do C\u00e2ncer ser\u00e1 respons\u00e1vel por triplicar o n\u00famero de vagas para o tratamento de pacientes com c\u00e2ncer pelo Sistema \u00danico de Sa\u00fade (SUS) no Estado. A previs\u00e3o \u00e9 de que o hospital realize por m\u00eas cerca de 1,5 mil interna\u00e7\u00f5es, 25 mil consultas ambulatoriais, 1,3 mil cirurgias, 3 mil sess\u00f5es de quimioterapia e 5 mil de radioterapia. Estruturalmente ser\u00e3o ao todo 128 consult\u00f3rios m\u00e9dicos, 22 salas cir\u00fargicas, 96 poltronas quimioter\u00e1picas e 474 leitos &#8211; sendo 360 para enfermaria, 84 de UTI e 30 para Hospital-Dia.<\/span><\/p>\n<p class=\"MsoNormal\"><span style=\"font-family: Arial;\">O Instituto do C\u00e2ncer do Estado de S\u00e3o Paulo foi criado para ser o maior hospital especializado em c\u00e2ncer da Am\u00e9rica Latina. Localizado na avenida Doutor Arnaldo, zona oeste da capital, o hospital \u00e9 fruto do investimento de R$ 270 milh\u00f5es em obras e equipamentos. <\/span><\/p>\n<p class=\"MsoNormal\"><span style=\"font-family: Arial;\">\u201cS\u00e3o Paulo pode se orgulhar de ter um dos mais modernos e mais bem equipados hospitais do mundo para atendimento de pacientes com c\u00e2ncer. Neste ano o Instituto crescer\u00e1 ainda mais, com a implanta\u00e7\u00e3o do maior centro de radioterapia da Am\u00e9rica Latina\u201d, afirma o secret\u00e1rio de Estado da Sa\u00fade, Luiz Roberto Barradas Barata.<\/span><\/p>\n<p class=\"MsoNormal\"><em><span style=\"font-family: Arial;\"><br \/>\nDa Secretaria da Sa\u00fade<\/span><\/em><span style=\"font-family: Arial;\"> <\/span><\/p>\n","protected":false},"excerpt":{"rendered":"<p>O Instituto do C\u00e2ncer do Estado de S\u00e3o Paulo Octavio Frias de Oliveira, ligado \u00e0 Secretaria de Estado da Sa\u00fade e \u00e0 Faculdade de Medicina da USP, completa seu primeiro ano de funcionamento com balan\u00e7o de 100 mil procedimentos acumulados desde sua inaugura\u00e7\u00e3o, em 6 de maio de 2008. Com as alas de interna\u00e7\u00e3o e [&hellip;]<\/p>\n","protected":false},"author":3,"featured_media":0,"comment_status":"open","ping_status":"open","sticky":false,"template":"","format":"standard","meta":{"tdm_status":"","tdm_grid_status":"","footnotes":""},"categories":[5],"tags":[],"class_list":{"0":"post-1656","1":"post","2":"type-post","3":"status-publish","4":"format-standard","6":"category-saude-e-vida"},"_links":{"self":[{"href":"https:\/\/migracao.redenoticia.com.br\/noticia\/wp-json\/wp\/v2\/posts\/1656","targetHints":{"allow":["GET"]}}],"collection":[{"href":"https:\/\/migracao.redenoticia.com.br\/noticia\/wp-json\/wp\/v2\/posts"}],"about":[{"href":"https:\/\/migracao.redenoticia.com.br\/noticia\/wp-json\/wp\/v2\/types\/post"}],"author":[{"embeddable":true,"href":"https:\/\/migracao.redenoticia.com.br\/noticia\/wp-json\/wp\/v2\/users\/3"}],"replies":[{"embeddable":true,"href":"https:\/\/migracao.redenoticia.com.br\/noticia\/wp-json\/wp\/v2\/comments?post=1656"}],"version-history":[{"count":0,"href":"https:\/\/migracao.redenoticia.com.br\/noticia\/wp-json\/wp\/v2\/posts\/1656\/revisions"}],"wp:attachment":[{"href":"https:\/\/migracao.redenoticia.com.br\/noticia\/wp-json\/wp\/v2\/media?parent=1656"}],"wp:term":[{"taxonomy":"category","embeddable":true,"href":"https:\/\/migracao.redenoticia.com.br\/noticia\/wp-json\/wp\/v2\/categories?post=1656"},{"taxonomy":"post_tag","embeddable":true,"href":"https:\/\/migracao.redenoticia.com.br\/noticia\/wp-json\/wp\/v2\/tags?post=1656"}],"curies":[{"name":"wp","href":"https:\/\/api.w.org\/{rel}","templated":true}]}}