{"id":1657,"date":"2009-05-14T23:50:31","date_gmt":"2009-05-15T03:50:31","guid":{"rendered":"http:\/\/www.redenoticia.com.br\/noticia\/?p=1657"},"modified":"2009-05-14T23:02:38","modified_gmt":"2009-05-15T03:02:38","slug":"social-do-rede-noticia-abracos-de-hoje-15-vao-para%e2%80%a6","status":"publish","type":"post","link":"https:\/\/migracao.redenoticia.com.br\/noticia\/2009\/social-do-rede-noticia-abracos-de-hoje-15-vao-para%e2%80%a6\/1657","title":{"rendered":"Social do Rede Not\u00edcia &#8211; Abra\u00e7os de hoje (15) v\u00e3o para\u2026"},"content":{"rendered":"<p>Abra\u00e7os de hoje (15):<\/p>\n<p>&#8211; abra\u00e7o aos leitores ass\u00edduos;<\/p>\n<p>&#8211; ao grande amigo e cinegrafista J Batista, por registrar diariamente a hist\u00f3ria de Ji-Paran\u00e1;<\/p>\n<p>&#8211; ao Grego, que vai para Maring\u00e1 participar da 31\u00aa edi\u00e7\u00e3o do Femucic, Festival Nacional de M\u00fasica com uma compasi\u00e7\u00e3o que \u00e9 tema de abertura do programa DE BEM COM A VIDA;<\/p>\n<p>&#8211; \u00e0 equipe constituida pela administra\u00e7\u00e3o municipal que est\u00e1 empenhada em viabilizar as melhorias na linha 207;<\/p>\n<p>&#8211; \u00e0 Federa\u00e7\u00e3o das Associa\u00e7\u00f5es Comerciais do Estado de Rond\u00f4nia (FACER),\u00a0 que estar\u00e1 reunida em Ji-Paran\u00e1 neste s\u00e1bado para aprovar o planejamento estrat\u00e9gico da entidade.<\/p>\n<p>N\u00e3o percam os abra\u00e7os de amanh\u00e3.<\/p>\n","protected":false},"excerpt":{"rendered":"<p>Abra\u00e7os de hoje (15): &#8211; abra\u00e7o aos leitores ass\u00edduos; &#8211; ao grande amigo e cinegrafista J Batista, por registrar diariamente a hist\u00f3ria de Ji-Paran\u00e1; &#8211; ao Grego, que vai para Maring\u00e1 participar da 31\u00aa edi\u00e7\u00e3o do Femucic, Festival Nacional de M\u00fasica com uma compasi\u00e7\u00e3o que \u00e9 tema de abertura do programa DE BEM COM A [&hellip;]<\/p>\n","protected":false},"author":3,"featured_media":0,"comment_status":"open","ping_status":"open","sticky":false,"template":"","format":"standard","meta":{"tdm_status":"","tdm_grid_status":"","footnotes":""},"categories":[22],"tags":[],"class_list":{"0":"post-1657","1":"post","2":"type-post","3":"status-publish","4":"format-standard","6":"category-brasil"},"_links":{"self":[{"href":"https:\/\/migracao.redenoticia.com.br\/noticia\/wp-json\/wp\/v2\/posts\/1657","targetHints":{"allow":["GET"]}}],"collection":[{"href":"https:\/\/migracao.redenoticia.com.br\/noticia\/wp-json\/wp\/v2\/posts"}],"about":[{"href":"https:\/\/migracao.redenoticia.com.br\/noticia\/wp-json\/wp\/v2\/types\/post"}],"author":[{"embeddable":true,"href":"https:\/\/migracao.redenoticia.com.br\/noticia\/wp-json\/wp\/v2\/users\/3"}],"replies":[{"embeddable":true,"href":"https:\/\/migracao.redenoticia.com.br\/noticia\/wp-json\/wp\/v2\/comments?post=1657"}],"version-history":[{"count":0,"href":"https:\/\/migracao.redenoticia.com.br\/noticia\/wp-json\/wp\/v2\/posts\/1657\/revisions"}],"wp:attachment":[{"href":"https:\/\/migracao.redenoticia.com.br\/noticia\/wp-json\/wp\/v2\/media?parent=1657"}],"wp:term":[{"taxonomy":"category","embeddable":true,"href":"https:\/\/migracao.redenoticia.com.br\/noticia\/wp-json\/wp\/v2\/categories?post=1657"},{"taxonomy":"post_tag","embeddable":true,"href":"https:\/\/migracao.redenoticia.com.br\/noticia\/wp-json\/wp\/v2\/tags?post=1657"}],"curies":[{"name":"wp","href":"https:\/\/api.w.org\/{rel}","templated":true}]}}