{"id":165703,"date":"2019-01-22T23:36:40","date_gmt":"2019-01-23T01:36:40","guid":{"rendered":"https:\/\/www.redenoticia.com.br\/noticia\/?p=165703"},"modified":"2019-01-28T01:52:53","modified_gmt":"2019-01-28T03:52:53","slug":"bbb-19-super-paredao-votacao-em-quem-deve-ficar-no-programa-movimenta-a-enquete","status":"publish","type":"post","link":"https:\/\/migracao.redenoticia.com.br\/noticia\/2019\/bbb-19-super-paredao-votacao-em-quem-deve-ficar-no-programa-movimenta-a-enquete\/165703","title":{"rendered":"&#8220;BBB&#8221; 19 S\u00faper Pared\u00e3o: vota\u00e7\u00e3o em quem deve ficar movimentou a enquete"},"content":{"rendered":"<p><img loading=\"lazy\" decoding=\"async\" class=\"aligncenter size-large wp-image-166031\" src=\"https:\/\/migracao.redenoticia.com.br\/noticia\/imagens\/BBB-enquete-votacao-resultado-001-329x300.jpg\" alt=\"\" width=\"329\" height=\"300\" srcset=\"https:\/\/migracao.redenoticia.com.br\/noticia\/imagens\/BBB-enquete-votacao-resultado-001-329x300.jpg 329w, https:\/\/migracao.redenoticia.com.br\/noticia\/imagens\/BBB-enquete-votacao-resultado-001-205x187.jpg 205w, https:\/\/migracao.redenoticia.com.br\/noticia\/imagens\/BBB-enquete-votacao-resultado-001-150x137.jpg 150w, https:\/\/migracao.redenoticia.com.br\/noticia\/imagens\/BBB-enquete-votacao-resultado-001-560x510.jpg 560w, https:\/\/migracao.redenoticia.com.br\/noticia\/imagens\/BBB-enquete-votacao-resultado-001.jpg 620w\" sizes=\"auto, (max-width: 329px) 100vw, 329px\" \/><strong><em>Enquete &#8220;BBB&#8221; 19<\/em><\/strong> S\u00faper Pared\u00e3o: dos 17 confinados, 3 conquistaram imunidade no primeiro processo de elimina\u00e7\u00e3o: Gustavo, Danrley e Paula, que venceu uma prova de resist\u00eancia e ganhou um carro. Os 14 BBB`s sem imunidade formaram o S\u00faper Pared\u00e3o, onde o voto \u00e9 para quem fica. A elimina\u00e7\u00e3o aconteceu nesta ter\u00e7a, 22\/01. Vinicius teve apenas 3,73% dos votos do p\u00fablico e foi eliminado.<\/p>\n<p><script type=\"text\/javascript\" charset=\"utf-8\" data-cfasync=\"false\" src=\"https:\/\/secure.polldaddy.com\/p\/10214824.js\"><\/script><br \/>\n<noscript><a href=\"https:\/\/poll.fm\/10214824\">&#8220;BBB 19: quem deve ficar no programa ap\u00f3s S\u00faper Pared\u00e3o<\/a><\/noscript><\/p>\n<p>Se voc\u00ea n\u00e3o est\u00e1 vendo a enquete, clique no link&nbsp;<a href=\"https:\/\/migracao.redenoticia.com.br\/noticia\/2019\/bbb-19-super-paredao-votacao-em-quem-deve-ficar-no-programa-movimenta-a-enquete\/165703\">&#8220;BBB&#8221; 19 S\u00faper Pared\u00e3o.<\/a><br \/>\nA vota\u00e7\u00e3o oficial acontece no site&nbsp;do programa BBB.<\/p>\n<p>Destaques<br \/>\n<a href=\"https:\/\/migracao.redenoticia.com.br\/noticia\/2019\/bbb-19-votacao-em-gustavo-hariany-e-paula-movimenta-a-enquete\/167270\">\u201cBBB\u201d 19: vota\u00e7\u00e3o em Gustavo, Hariany e Paula movimenta a enquete<\/a><br \/>\n<a href=\"https:\/\/migracao.redenoticia.com.br\/noticia\/2019\/diario-bbb-19-provas-de-imunidade-e-super-paredao\/165697\">Di\u00e1rio \u201cBBB\u201d 19<\/a><br \/>\n<a href=\"https:\/\/migracao.redenoticia.com.br\/noticia\/2019\/bbb-19-enquete-quem-merece-vencer-o-programa\/165063\">\u201cBBB\u201d 19 enquete: quem merece vencer o programa<\/a><br \/>\n<a href=\"https:\/\/migracao.redenoticia.com.br\/noticia\/2019\/bbb-19-prova-do-anjo-e-castigo-do-monstro\/166973\">&#8220;BBB&#8221; 19: prova do Anjo e Castigo do Monstro<\/a><\/p>\n<p>Perfil dos confinados:<\/p>\n<p>Alan &#8211; empres\u00e1rio e administrador, o brother, de Crici\u00fama (SC), tem 26 anos e \u00e9 considerado mulherengo pela fam\u00edlia.<\/p>\n<p>Carolina &#8211; a baiana tem 33 anos, \u00e9 publicit\u00e1ria e empres\u00e1ria. O seu amuleto \u00e9 dar &#8220;Bom dia&#8221; ao sol.<\/p>\n<p>Danrley &#8211; brother mais jovem da edi\u00e7\u00e3o. O carioca tem 19 anos, cursa Biologia e vende picol\u00e9 na praia nos fins de semana.<\/p>\n<p>Diego &#8211; empres\u00e1rio, campe\u00e3o brasileiro de la\u00e7o e com 30 anos de idade, ele entra na casa solteiro. \u00c9 de Rio Negrinho, Santa Catarina. NUNCA fez dieta.<\/p>\n<p>Elana &#8211; tem 25 anos, \u00e9 engenheira agr\u00f4noma e mora no sert\u00e3o do Piau\u00ed. Seu primeiro banho de chuveiro foi aos seis anos de idade.<\/p>\n<p>F\u00e1bio &#8211; desclassificado antes de entrar no programa. Ele n\u00e3o ser\u00e1 substitu\u00eddo.<\/p>\n<p>Gabriela &#8211; com 32 anos, a sister mora em Ribeir\u00e3o Preto e \u00e9 designer gr\u00e1fica e percussionista. \u00c9 f\u00e3 de Beyonc\u00e9 e imitava as Spice Girls na inf\u00e2ncia.<\/p>\n<p>Gustavo &#8211; m\u00e9dico oftalmologista, o brother tem 37 anos e terminou a rela\u00e7\u00e3o para estar solteir\u00edssimo no reality. Ele apaga todas as conversas em aplicativos de mensagens.<\/p>\n<p>Hana &#8211; carioca de 22 anos, \u00e9 bacharel em Cinema e produz v\u00eddeos para a internet. J\u00e1 doou medula \u00f3ssea para o irm\u00e3o.<\/p>\n<p>Hariany &#8211; mora em Senador Canedo, Goi\u00e1s, tem 21 anos, estuda Design de Moda e sonha em ser famosa. A sister j\u00e1 ficou com tr\u00eas sertanejos famosos.<\/p>\n<p>Isabella &#8211; com 24 anos, a sister \u00e9 de Natal\/RN e morou at\u00e9 os sete anos da It\u00e1lia. Foi Miss Natal 2014.<\/p>\n<p>Maycon &#8211; \u00e9 de Piumhi (MG) e tem 27 anos. Vendedor de queijos e barman, o brother tem vontade de ser cantor. Ele j\u00e1 namorou 12 vezes.<\/p>\n<p>Paula &#8211; Bacharel em Direito, tem 28 anos, \u00e9 de Lagoa Santa, Minas Gerais. A sister \u00e9 dona de uma porca, a Pippa.<\/p>\n<p>R\u00edzia &#8211; de 24 anos. A alagoana, de S\u00e3o Miguel dos Campos, luta por quest\u00f5es sociais. \u00c9 apaixonada por fotografia.<\/p>\n<p>Rodrigo &#8211; tem 40 anos, \u00e9 trig\u00eameo e defende a representatividade dos negros. O carioca ensinou a av\u00f3 a ler.<\/p>\n<p>Tereza &#8211; pernambucana, tem 52 anos e j\u00e1 se casou seis vezes. Para o seu filho, a participante compartilhava o sonho de entrar no &#8220;BBB&#8221;.<\/p>\n<p>Vanderson &#8211; de Rio Branco (AC). O bi\u00f3logo de 35 anos percorre aldeias ind\u00edgenas capacitando professores em Ci\u00eancia da Natureza. Ele faz croch\u00ea e toca ukulele.<\/p>\n<p>Vinicius &#8211; artista pl\u00e1stico, de Belo Horizonte (MG), 40 anos, \u00e9 apaixonado por m\u00fasica eletr\u00f4nica e promete movimentar a casa com seu jeito impaciente.<\/p>\n<p>Fonte Rede Globo &#8220;BBB&#8221; 19<\/p>\n","protected":false},"excerpt":{"rendered":"<p>Enquete &#8220;BBB&#8221; 19 S\u00faper Pared\u00e3o: dos 17 confinados, 3 conquistaram imunidade no primeiro processo de elimina\u00e7\u00e3o: Gustavo, Danrley e Paula, que venceu uma prova de resist\u00eancia e ganhou um carro. Os 14 BBB`s sem imunidade formaram o S\u00faper Pared\u00e3o, onde o voto \u00e9 para quem fica. A elimina\u00e7\u00e3o aconteceu nesta ter\u00e7a, 22\/01. Vinicius teve apenas [&hellip;]<\/p>\n","protected":false},"author":2,"featured_media":166032,"comment_status":"open","ping_status":"closed","sticky":false,"template":"","format":"standard","meta":{"tdm_status":"","tdm_grid_status":"","footnotes":""},"categories":[375,343],"tags":[466,521,523],"class_list":{"0":"post-165703","1":"post","2":"type-post","3":"status-publish","4":"format-standard","5":"has-post-thumbnail","7":"category-rede-globo","8":"category-televisao","9":"tag-bbb","10":"tag-enquete","11":"tag-variedades"},"_links":{"self":[{"href":"https:\/\/migracao.redenoticia.com.br\/noticia\/wp-json\/wp\/v2\/posts\/165703","targetHints":{"allow":["GET"]}}],"collection":[{"href":"https:\/\/migracao.redenoticia.com.br\/noticia\/wp-json\/wp\/v2\/posts"}],"about":[{"href":"https:\/\/migracao.redenoticia.com.br\/noticia\/wp-json\/wp\/v2\/types\/post"}],"author":[{"embeddable":true,"href":"https:\/\/migracao.redenoticia.com.br\/noticia\/wp-json\/wp\/v2\/users\/2"}],"replies":[{"embeddable":true,"href":"https:\/\/migracao.redenoticia.com.br\/noticia\/wp-json\/wp\/v2\/comments?post=165703"}],"version-history":[{"count":0,"href":"https:\/\/migracao.redenoticia.com.br\/noticia\/wp-json\/wp\/v2\/posts\/165703\/revisions"}],"wp:featuredmedia":[{"embeddable":true,"href":"https:\/\/migracao.redenoticia.com.br\/noticia\/wp-json\/wp\/v2\/media\/166032"}],"wp:attachment":[{"href":"https:\/\/migracao.redenoticia.com.br\/noticia\/wp-json\/wp\/v2\/media?parent=165703"}],"wp:term":[{"taxonomy":"category","embeddable":true,"href":"https:\/\/migracao.redenoticia.com.br\/noticia\/wp-json\/wp\/v2\/categories?post=165703"},{"taxonomy":"post_tag","embeddable":true,"href":"https:\/\/migracao.redenoticia.com.br\/noticia\/wp-json\/wp\/v2\/tags?post=165703"}],"curies":[{"name":"wp","href":"https:\/\/api.w.org\/{rel}","templated":true}]}}