{"id":165791,"date":"2019-01-17T15:54:27","date_gmt":"2019-01-17T17:54:27","guid":{"rendered":"https:\/\/www.redenoticia.com.br\/noticia\/?p=165791"},"modified":"2019-01-18T22:46:28","modified_gmt":"2019-01-19T00:46:28","slug":"novela-o-tempo-nao-para-herberto-e-pierre-trocam-antidoto-de-marocas","status":"publish","type":"post","link":"https:\/\/migracao.redenoticia.com.br\/noticia\/2019\/novela-o-tempo-nao-para-herberto-e-pierre-trocam-antidoto-de-marocas\/165791","title":{"rendered":"Novela \u201cO Tempo N\u00e3o Para\u201d: Herberto e Pierre trocam ant\u00eddoto de Marocas"},"content":{"rendered":"<p><img loading=\"lazy\" decoding=\"async\" src=\"https:\/\/migracao.redenoticia.com.br\/noticia\/imagens\/o-tempo-nao-para-novela-resumo-400x201.jpg\" alt=\"\" width=\"400\" height=\"201\" class=\"aligncenter size-large wp-image-148135\" srcset=\"https:\/\/migracao.redenoticia.com.br\/noticia\/imagens\/o-tempo-nao-para-novela-resumo-400x201.jpg 400w, https:\/\/migracao.redenoticia.com.br\/noticia\/imagens\/o-tempo-nao-para-novela-resumo-250x126.jpg 250w, https:\/\/migracao.redenoticia.com.br\/noticia\/imagens\/o-tempo-nao-para-novela-resumo-768x386.jpg 768w, https:\/\/migracao.redenoticia.com.br\/noticia\/imagens\/o-tempo-nao-para-novela-resumo-696x350.jpg 696w, https:\/\/migracao.redenoticia.com.br\/noticia\/imagens\/o-tempo-nao-para-novela-resumo-150x75.jpg 150w, https:\/\/migracao.redenoticia.com.br\/noticia\/imagens\/o-tempo-nao-para-novela-resumo.jpg 810w\" sizes=\"auto, (max-width: 400px) 100vw, 400px\" \/><strong><em>Novela \u201cO Tempo N\u00e3o Para\u201d:<\/em><\/strong> Petra (Eva Wilma) se preocupa com os ex-congelados e descobre que eles podem morrer por causa de um v\u00edrus. Os exames provam que apenas Marocas (Juliana Paiva) precisa ser tratada. L\u00facio (Jo\u00e3o Baldasserini) suborna Herberto (Claudio Mendes) para ele potencializar o efeito do v\u00edrus, e Pierre (Matheus Lisboa), o enfermeiro namorado de Igor (L\u00e9o Bahia), para matar a jovem, enquanto ela est\u00e1 em observa\u00e7\u00e3o na Criotec. <\/p>\n<p>Herberto entrega o veneno: &#8220;Com isso aqui dentro do corpo da Marocas, seja l\u00e1 o que for que o v\u00edrus provoque, vai ser acelerado e a matar\u00e1 rapidamente&#8221;. Pierre troca o frasco do ant\u00eddoto, preparado por Petra, pelo l\u00edquido infectado. Cena prevista para 21 de janeiro na Novela \u201cO Tempo N\u00e3o Para\u201d.<\/p>\n<p>\u201cBBB\u201d 19 enquete:<br \/>\n\u201cBBB\u201d 19 S\u00faper Pared\u00e3o: <\/p>\n<p>Sinopse \u201cO Tempo N\u00e3o Para\u201d: Anos de avan\u00e7os e descobertas que moldaram costumes, h\u00e1bitos e linguagens da sociedade contempor\u00e2nea v\u00e3o gerar um choque em uma abastada fam\u00edlia do s\u00e9culo XIX que desperta no s\u00e9culo XXI. Por 132 anos, os Sabino Machado e seus agregados ficaram congelados, dentro de um bloco de gelo, enquanto a vida l\u00e1 fora passava. Agora, v\u00e3o despertar em uma S\u00e3o Paulo pulsante e turbulenta e se deparar com a sociedade em pleno 2018. &#8220;O Tempo N\u00e3o Para&#8221;, nova novela das 7, \u00e9 escrita por Mario Teixeira e tem dire\u00e7\u00e3o art\u00edstica de Leonardo Nogueira.<\/p>\n","protected":false},"excerpt":{"rendered":"<p>Novela \u201cO Tempo N\u00e3o Para\u201d: Petra (Eva Wilma) se preocupa com os ex-congelados e descobre que eles podem morrer por causa de um v\u00edrus. Os exames provam que apenas Marocas (Juliana Paiva) precisa ser tratada. L\u00facio (Jo\u00e3o Baldasserini) suborna Herberto (Claudio Mendes) para ele potencializar o efeito do v\u00edrus, e Pierre (Matheus Lisboa), o enfermeiro [&hellip;]<\/p>\n","protected":false},"author":2,"featured_media":151632,"comment_status":"open","ping_status":"closed","sticky":false,"template":"","format":"standard","meta":{"tdm_status":"","tdm_grid_status":"","footnotes":""},"categories":[388,379,490,375,343],"tags":[440],"class_list":{"0":"post-165791","1":"post","2":"type-post","3":"status-publish","4":"format-standard","5":"has-post-thumbnail","7":"category-destaques","8":"category-novelas","9":"category-o-tempo-nao-para","10":"category-rede-globo","11":"category-televisao","12":"tag-noticia-novela"},"_links":{"self":[{"href":"https:\/\/migracao.redenoticia.com.br\/noticia\/wp-json\/wp\/v2\/posts\/165791","targetHints":{"allow":["GET"]}}],"collection":[{"href":"https:\/\/migracao.redenoticia.com.br\/noticia\/wp-json\/wp\/v2\/posts"}],"about":[{"href":"https:\/\/migracao.redenoticia.com.br\/noticia\/wp-json\/wp\/v2\/types\/post"}],"author":[{"embeddable":true,"href":"https:\/\/migracao.redenoticia.com.br\/noticia\/wp-json\/wp\/v2\/users\/2"}],"replies":[{"embeddable":true,"href":"https:\/\/migracao.redenoticia.com.br\/noticia\/wp-json\/wp\/v2\/comments?post=165791"}],"version-history":[{"count":0,"href":"https:\/\/migracao.redenoticia.com.br\/noticia\/wp-json\/wp\/v2\/posts\/165791\/revisions"}],"wp:featuredmedia":[{"embeddable":true,"href":"https:\/\/migracao.redenoticia.com.br\/noticia\/wp-json\/wp\/v2\/media\/151632"}],"wp:attachment":[{"href":"https:\/\/migracao.redenoticia.com.br\/noticia\/wp-json\/wp\/v2\/media?parent=165791"}],"wp:term":[{"taxonomy":"category","embeddable":true,"href":"https:\/\/migracao.redenoticia.com.br\/noticia\/wp-json\/wp\/v2\/categories?post=165791"},{"taxonomy":"post_tag","embeddable":true,"href":"https:\/\/migracao.redenoticia.com.br\/noticia\/wp-json\/wp\/v2\/tags?post=165791"}],"curies":[{"name":"wp","href":"https:\/\/api.w.org\/{rel}","templated":true}]}}