{"id":165903,"date":"2019-01-17T14:31:26","date_gmt":"2019-01-17T16:31:26","guid":{"rendered":"https:\/\/www.redenoticia.com.br\/noticia\/?p=165903"},"modified":"2019-01-17T15:16:43","modified_gmt":"2019-01-17T17:16:43","slug":"resumo-novela-o-tempo-nao-para-18-01-marocas-descobre-que-possui-o-virus-da-variola","status":"publish","type":"post","link":"https:\/\/migracao.redenoticia.com.br\/noticia\/2019\/resumo-novela-o-tempo-nao-para-18-01-marocas-descobre-que-possui-o-virus-da-variola\/165903","title":{"rendered":"Resumo novela \u201cO Tempo N\u00e3o Para\u201d 18\/01: Marocas descobre que possui o v\u00edrus"},"content":{"rendered":"<p><strong><em><img loading=\"lazy\" decoding=\"async\" class=\"aligncenter size-large wp-image-149486\" src=\"https:\/\/migracao.redenoticia.com.br\/noticia\/imagens\/o-tempo-nao-para-resumo-novela-33-400x225.jpg\" alt=\"\" width=\"400\" height=\"225\" srcset=\"https:\/\/migracao.redenoticia.com.br\/noticia\/imagens\/o-tempo-nao-para-resumo-novela-33-400x225.jpg 400w, https:\/\/migracao.redenoticia.com.br\/noticia\/imagens\/o-tempo-nao-para-resumo-novela-33-250x141.jpg 250w, https:\/\/migracao.redenoticia.com.br\/noticia\/imagens\/o-tempo-nao-para-resumo-novela-33-150x84.jpg 150w, https:\/\/migracao.redenoticia.com.br\/noticia\/imagens\/o-tempo-nao-para-resumo-novela-33.jpg 640w\" sizes=\"auto, (max-width: 400px) 100vw, 400px\" \/>Resumo novela \u201cO Tempo N\u00e3o Para\u201d 18\/01 <\/em><\/strong>: no cap\u00edtulo 148(*) da novela, resumo sexta-feira, 18 de janeiro, Marocas fica abalada quando Helen conta que o v\u00edrus da var\u00edola foi encontrado em seu sangue. Vanda comunica a Carmen que a confiss\u00e3o de Livaldo possibilitou a recupera\u00e7\u00e3o da Samvita. Mateus liberta Marocas. Bar\u00e3o deixa claro a Flor\u00eancio que ele mudou de vida e agora atende pelo nome de Adan. Marocas conta a Samuca sobre o v\u00edrus. Marocas anuncia \u00e0 fam\u00edlia que todos pensam que eles s\u00e3o portadores de uma doen\u00e7a contagiosa.<\/p>\n<p>Dam\u00e1sia, Menelau e Cec\u00edlio enfrentam Mateus. Dam\u00e1sia aceita o convite de Elmo para ser sua s\u00f3cia na padaria. Elmo avisa a Samuca que Rafael acampou na Samvita. Paulina fica admirada ao ver as g\u00eameas convencendo as pessoas a entrarem na loja. L\u00facio recebe Herberto. Mateus avisa a Petra que o Estado det\u00e9m a tutela da fam\u00edlia Sabino Machado e seus agregados.<\/p>\n<p>(*) edi\u00e7\u00e3o da Rede Globo, Novela \u201cO Tempo N\u00e3o Para\u201d, sujeito a altera\u00e7\u00e3o de data e conte\u00fado.<\/p>\n<p>Anos de avan\u00e7os e descobertas que moldaram costumes, h\u00e1bitos e linguagens da sociedade contempor\u00e2nea v\u00e3o gerar um choque em uma abastada fam\u00edlia do s\u00e9culo XIX que desperta no s\u00e9culo XXI. Por 132 anos, os Sabino Machado e seus agregados ficaram congelados, dentro de um bloco de gelo, enquanto a vida l\u00e1 fora passava. Agora, v\u00e3o despertar em uma S\u00e3o Paulo pulsante e turbulenta e se deparar com a sociedade em pleno 2018. &#8220;O Tempo N\u00e3o Para&#8221;, nova novela das 7, \u00e9 escrita por Mario Teixeira e tem dire\u00e7\u00e3o art\u00edstica de Leonardo Nogueira.<\/p>\n","protected":false},"excerpt":{"rendered":"<p>Resumo novela \u201cO Tempo N\u00e3o Para\u201d 18\/01 : no cap\u00edtulo 148(*) da novela, resumo sexta-feira, 18 de janeiro, Marocas fica abalada quando Helen conta que o v\u00edrus da var\u00edola foi encontrado em seu sangue. Vanda comunica a Carmen que a confiss\u00e3o de Livaldo possibilitou a recupera\u00e7\u00e3o da Samvita. Mateus liberta Marocas. Bar\u00e3o deixa claro a [&hellip;]<\/p>\n","protected":false},"author":4,"featured_media":148135,"comment_status":"open","ping_status":"closed","sticky":false,"template":"","format":"standard","meta":{"tdm_status":"","tdm_grid_status":"","footnotes":""},"categories":[379,490,375,343],"tags":[441],"class_list":{"0":"post-165903","1":"post","2":"type-post","3":"status-publish","4":"format-standard","5":"has-post-thumbnail","7":"category-novelas","8":"category-o-tempo-nao-para","9":"category-rede-globo","10":"category-televisao","11":"tag-resumo-do-dia"},"_links":{"self":[{"href":"https:\/\/migracao.redenoticia.com.br\/noticia\/wp-json\/wp\/v2\/posts\/165903","targetHints":{"allow":["GET"]}}],"collection":[{"href":"https:\/\/migracao.redenoticia.com.br\/noticia\/wp-json\/wp\/v2\/posts"}],"about":[{"href":"https:\/\/migracao.redenoticia.com.br\/noticia\/wp-json\/wp\/v2\/types\/post"}],"author":[{"embeddable":true,"href":"https:\/\/migracao.redenoticia.com.br\/noticia\/wp-json\/wp\/v2\/users\/4"}],"replies":[{"embeddable":true,"href":"https:\/\/migracao.redenoticia.com.br\/noticia\/wp-json\/wp\/v2\/comments?post=165903"}],"version-history":[{"count":0,"href":"https:\/\/migracao.redenoticia.com.br\/noticia\/wp-json\/wp\/v2\/posts\/165903\/revisions"}],"wp:featuredmedia":[{"embeddable":true,"href":"https:\/\/migracao.redenoticia.com.br\/noticia\/wp-json\/wp\/v2\/media\/148135"}],"wp:attachment":[{"href":"https:\/\/migracao.redenoticia.com.br\/noticia\/wp-json\/wp\/v2\/media?parent=165903"}],"wp:term":[{"taxonomy":"category","embeddable":true,"href":"https:\/\/migracao.redenoticia.com.br\/noticia\/wp-json\/wp\/v2\/categories?post=165903"},{"taxonomy":"post_tag","embeddable":true,"href":"https:\/\/migracao.redenoticia.com.br\/noticia\/wp-json\/wp\/v2\/tags?post=165903"}],"curies":[{"name":"wp","href":"https:\/\/api.w.org\/{rel}","templated":true}]}}