{"id":165953,"date":"2019-01-10T04:11:28","date_gmt":"2019-01-10T06:11:28","guid":{"rendered":"https:\/\/www.redenoticia.com.br\/noticia\/?p=165953"},"modified":"2019-01-27T01:27:30","modified_gmt":"2019-01-27T03:27:30","slug":"novela-cordel-encantado-rainha-mae-diz-que-acucena-e-a-princesa-aurora","status":"publish","type":"post","link":"https:\/\/migracao.redenoticia.com.br\/noticia\/2019\/novela-cordel-encantado-rainha-mae-diz-que-acucena-e-a-princesa-aurora\/165953","title":{"rendered":"Novela &#8220;Cordel Encantado&#8221;: Rainha-m\u00e3e diz que A\u00e7ucena \u00e9 a Princesa Aurora"},"content":{"rendered":"<p><img loading=\"lazy\" decoding=\"async\" src=\"https:\/\/migracao.redenoticia.com.br\/noticia\/imagens\/cordel-003-400x300.jpg\" alt=\"\" width=\"400\" height=\"300\" class=\"aligncenter size-large wp-image-165215\" srcset=\"https:\/\/migracao.redenoticia.com.br\/noticia\/imagens\/cordel-003-400x300.jpg 400w, https:\/\/migracao.redenoticia.com.br\/noticia\/imagens\/cordel-003-250x187.jpg 250w, https:\/\/migracao.redenoticia.com.br\/noticia\/imagens\/cordel-003-150x113.jpg 150w, https:\/\/migracao.redenoticia.com.br\/noticia\/imagens\/cordel-003-265x198.jpg 265w, https:\/\/migracao.redenoticia.com.br\/noticia\/imagens\/cordel-003.jpg 480w\" sizes=\"auto, (max-width: 400px) 100vw, 400px\" \/><strong><em>Novela &#8220;Cordel Encantado&#8221;:<\/em><\/strong> Todos desistem de encontrar a Princesa Aurora no baile promovido por Rei Augusto (Carmo Dalla Vecchia). A\u00e7ucena (Bianca Bin) entra no sal\u00e3o e \u00darsula (D\u00e9bora Bloch) a manda ir embora. Mas Efig\u00eania (Berta Loran) e Pr\u00edncipe Felipe (Jayme Matarazzo) se encantam pela jovem: \u201cPor favor, dance comigo! Toquem um pouco mais. Vou dan\u00e7ar com a senhorita\u201d. Ela aceita, a pedido da rainha-m\u00e3e.<\/p>\n<p> No meio da dan\u00e7a, Efig\u00eania lembra-se da fei\u00e7\u00e3o de sua neta quando beb\u00ea e diz para todos que A\u00e7ucena \u00e9 a Princesa Aurora: \u201c\u00c9 ela! \u00c9 Aurora!\u201d, grita a rainha, que desmaia em seguida. Felipe deixa a noiva de Jesu\u00edno (Cau\u00e3 Reymond) sozinha e corre para socorrer a m\u00e3e de Augusto. Euz\u00e9bio (Enrique Diaz) e Virtuosa (Ana Cec\u00edlia Costa) chegam desesperados atr\u00e1s da filha, e a levam sem que ningu\u00e9m perceba.<\/p>\n<p>Ao acordar, Efig\u00eania continua afirmando que A\u00e7ucena \u00e9 a herdeira do trono de Ser\u00e1fia do Norte, despertando as esperan\u00e7as no cora\u00e7\u00e3o do rei em encontrar sua filha. Renovado, Augusto decide percorrer todas as casas de Brogod\u00f3 atr\u00e1s da jovem, para que ela, enfim, ocupe o cargo de princesa.<\/p>\n<p>Sinopse &#8220;Cordel Encantado&#8221;: Augusto e sua rainha vivem uma vida harmoniosa e feliz, sem imaginar que est\u00e3o cercados por dois vil\u00f5es: \u00darsula (D\u00e9bora Bloch), cunhada do rei, e Nicolau (Luiz Fernando Guimar\u00e3es), o atrapalhado mordomo da corte. A bela, elegante e sofisticada duquesa \u00e9 a pessoa mais perigosa e falsa de todo o reino. Ajudada por Nicolau, seu amante, \u00darsula deseja se tornar rainha. E a viagem a Brogod\u00f3 \u00e9 a chance que a duquesa sempre quis para se livrar de Cristina e da princesa.<\/p>\n<p>A sede de poder da dupla de vil\u00f5es \u00e9 crescente: no Brasil, para onde se muda com a corte europeia, o casal continua a planejar e executar planos para conseguir o que quer. No decorrer da novela, revela-se que Lady Cec\u00edlia (Sofia Terra), que \u00darsula criava como sobrinha, \u00e9 filha da vil\u00e3 com o general Baldini (Em\u00edlio de Mello), militar do ex\u00e9rcito de Ser\u00e1fia do Norte.<\/p>\n<p>Fonte Rede Globo &#8220;Cordel Encantado\u201d  <\/p>\n","protected":false},"excerpt":{"rendered":"<p>Novela &#8220;Cordel Encantado&#8221;: Todos desistem de encontrar a Princesa Aurora no baile promovido por Rei Augusto (Carmo Dalla Vecchia). A\u00e7ucena (Bianca Bin) entra no sal\u00e3o e \u00darsula (D\u00e9bora Bloch) a manda ir embora. Mas Efig\u00eania (Berta Loran) e Pr\u00edncipe Felipe (Jayme Matarazzo) se encantam pela jovem: \u201cPor favor, dance comigo! Toquem um pouco mais. Vou [&hellip;]<\/p>\n","protected":false},"author":2,"featured_media":165214,"comment_status":"open","ping_status":"closed","sticky":false,"template":"","format":"standard","meta":{"tdm_status":"","tdm_grid_status":"","footnotes":""},"categories":[535,388,379,375,343],"tags":[440],"class_list":{"0":"post-165953","1":"post","2":"type-post","3":"status-publish","4":"format-standard","5":"has-post-thumbnail","7":"category-cordel-encantado","8":"category-destaques","9":"category-novelas","10":"category-rede-globo","11":"category-televisao","12":"tag-noticia-novela"},"_links":{"self":[{"href":"https:\/\/migracao.redenoticia.com.br\/noticia\/wp-json\/wp\/v2\/posts\/165953","targetHints":{"allow":["GET"]}}],"collection":[{"href":"https:\/\/migracao.redenoticia.com.br\/noticia\/wp-json\/wp\/v2\/posts"}],"about":[{"href":"https:\/\/migracao.redenoticia.com.br\/noticia\/wp-json\/wp\/v2\/types\/post"}],"author":[{"embeddable":true,"href":"https:\/\/migracao.redenoticia.com.br\/noticia\/wp-json\/wp\/v2\/users\/2"}],"replies":[{"embeddable":true,"href":"https:\/\/migracao.redenoticia.com.br\/noticia\/wp-json\/wp\/v2\/comments?post=165953"}],"version-history":[{"count":0,"href":"https:\/\/migracao.redenoticia.com.br\/noticia\/wp-json\/wp\/v2\/posts\/165953\/revisions"}],"wp:featuredmedia":[{"embeddable":true,"href":"https:\/\/migracao.redenoticia.com.br\/noticia\/wp-json\/wp\/v2\/media\/165214"}],"wp:attachment":[{"href":"https:\/\/migracao.redenoticia.com.br\/noticia\/wp-json\/wp\/v2\/media?parent=165953"}],"wp:term":[{"taxonomy":"category","embeddable":true,"href":"https:\/\/migracao.redenoticia.com.br\/noticia\/wp-json\/wp\/v2\/categories?post=165953"},{"taxonomy":"post_tag","embeddable":true,"href":"https:\/\/migracao.redenoticia.com.br\/noticia\/wp-json\/wp\/v2\/tags?post=165953"}],"curies":[{"name":"wp","href":"https:\/\/api.w.org\/{rel}","templated":true}]}}