{"id":165963,"date":"2019-01-17T20:13:34","date_gmt":"2019-01-17T22:13:34","guid":{"rendered":"https:\/\/www.redenoticia.com.br\/noticia\/?p=165963"},"modified":"2019-01-17T20:13:34","modified_gmt":"2019-01-17T22:13:34","slug":"atividade-economica-cresce-138-em-11-meses-de-2018","status":"publish","type":"post","link":"https:\/\/migracao.redenoticia.com.br\/noticia\/2019\/atividade-economica-cresce-138-em-11-meses-de-2018\/165963","title":{"rendered":"Atividade econ\u00f4mica cresce 1,38% em 11 meses de 2018"},"content":{"rendered":"<p> A <strong><em>atividade econ\u00f4mica registrou crescimento<\/em><\/strong> de 1,38% no resultado acumulado de 11 meses de 2018. \u00c9 o que mostra o \u00cdndice de Atividade Econ\u00f4mica do Banco Central (IBC-Br), divulgado pelo Banco Central (BC), em Bras\u00edlia.<\/p>\n<p>Em 12 meses terminados em novembro de 2018, a expans\u00e3o chegou a 1,44%. Em novembro do ano passado, comparado ao mesmo m\u00eas de 2017, houve crescimento de 1,86%.<\/p>\n<p> Na compara\u00e7\u00e3o entre novembro e outubro de 2018, o \u00edndice apresentou alta de 0,29%, de acordo com dados dessazonalizados (ajustados para o per\u00edodo).<\/p>\n<p>O IBC-Br \u00e9 uma forma de avaliar a evolu\u00e7\u00e3o da atividade econ\u00f4mica brasileira e ajuda o BC a tomar suas decis\u00f5es sobre a taxa b\u00e1sica de juros, a Selic.<\/p>\n<p>O \u00edndice incorpora informa\u00e7\u00f5es sobre o n\u00edvel de atividade dos tr\u00eas setores da economia: ind\u00fastria, com\u00e9rcio e servi\u00e7os e agropecu\u00e1ria, al\u00e9m do volume de impostos.<\/p>\n<p>O indicador foi criado pelo BC para tentar antecipar, por aproxima\u00e7\u00e3o, a evolu\u00e7\u00e3o da atividade econ\u00f4mica. O indicador oficial \u00e9 o Produto Interno Bruto (PIB), calculado pelo Instituto Brasileiro de Geografia e Estat\u00edstica (IBGE).<\/p>\n<p> 17\/01\/2019<br \/>\nPor Kelly Oliveira \u2013 Rep\u00f3rter da Ag\u00eancia Brasil<br \/>\nEdi\u00e7\u00e3o: Kleber Sampaio<br \/>\nhttp:\/\/agenciabrasil.ebc.com.br\/economia<\/p>\n","protected":false},"excerpt":{"rendered":"<p>A atividade econ\u00f4mica registrou crescimento de 1,38% no resultado acumulado de 11 meses de 2018. \u00c9 o que mostra o \u00cdndice de Atividade Econ\u00f4mica do Banco Central (IBC-Br), divulgado pelo Banco Central (BC), em Bras\u00edlia. Em 12 meses terminados em novembro de 2018, a expans\u00e3o chegou a 1,44%. Em novembro do ano passado, comparado ao [&hellip;]<\/p>\n","protected":false},"author":2,"featured_media":148164,"comment_status":"open","ping_status":"closed","sticky":false,"template":"","format":"standard","meta":{"tdm_status":"","tdm_grid_status":"","footnotes":""},"categories":[22,7],"tags":[],"class_list":{"0":"post-165963","1":"post","2":"type-post","3":"status-publish","4":"format-standard","5":"has-post-thumbnail","7":"category-brasil","8":"category-economia"},"_links":{"self":[{"href":"https:\/\/migracao.redenoticia.com.br\/noticia\/wp-json\/wp\/v2\/posts\/165963","targetHints":{"allow":["GET"]}}],"collection":[{"href":"https:\/\/migracao.redenoticia.com.br\/noticia\/wp-json\/wp\/v2\/posts"}],"about":[{"href":"https:\/\/migracao.redenoticia.com.br\/noticia\/wp-json\/wp\/v2\/types\/post"}],"author":[{"embeddable":true,"href":"https:\/\/migracao.redenoticia.com.br\/noticia\/wp-json\/wp\/v2\/users\/2"}],"replies":[{"embeddable":true,"href":"https:\/\/migracao.redenoticia.com.br\/noticia\/wp-json\/wp\/v2\/comments?post=165963"}],"version-history":[{"count":0,"href":"https:\/\/migracao.redenoticia.com.br\/noticia\/wp-json\/wp\/v2\/posts\/165963\/revisions"}],"wp:featuredmedia":[{"embeddable":true,"href":"https:\/\/migracao.redenoticia.com.br\/noticia\/wp-json\/wp\/v2\/media\/148164"}],"wp:attachment":[{"href":"https:\/\/migracao.redenoticia.com.br\/noticia\/wp-json\/wp\/v2\/media?parent=165963"}],"wp:term":[{"taxonomy":"category","embeddable":true,"href":"https:\/\/migracao.redenoticia.com.br\/noticia\/wp-json\/wp\/v2\/categories?post=165963"},{"taxonomy":"post_tag","embeddable":true,"href":"https:\/\/migracao.redenoticia.com.br\/noticia\/wp-json\/wp\/v2\/tags?post=165963"}],"curies":[{"name":"wp","href":"https:\/\/api.w.org\/{rel}","templated":true}]}}