{"id":1660,"date":"2009-05-14T20:26:37","date_gmt":"2009-05-15T00:26:37","guid":{"rendered":"http:\/\/www.redenoticia.com.br\/noticia\/?p=1660"},"modified":"2009-05-14T22:55:22","modified_gmt":"2009-05-15T02:55:22","slug":"a-prefeitura-municipal-de-ji-parana-estara-de-cara-nova-na-internet","status":"publish","type":"post","link":"https:\/\/migracao.redenoticia.com.br\/noticia\/2009\/a-prefeitura-municipal-de-ji-parana-estara-de-cara-nova-na-internet\/1660","title":{"rendered":"A Prefeitura Municipal de Ji-Paran\u00e1 estar\u00e1 de cara nova na internet"},"content":{"rendered":"<p><a href=\"https:\/\/migracao.redenoticia.com.br\/noticia\/imagens\/\/site.jpg\"><img loading=\"lazy\" decoding=\"async\" class=\"alignleft size-medium wp-image-1659\" title=\"site\" src=\"https:\/\/migracao.redenoticia.com.br\/noticia\/imagens\/\/site-249x187.jpg\" alt=\"site\" width=\"249\" height=\"187\" \/><\/a>O site municipal est\u00e1 sendo completamente redesenhado para ser organizado, ter f\u00e1cil navega\u00e7\u00e3o e manter o conte\u00fado atualizado e din\u00e2mico, principalmente as not\u00edcias e agenda institucional.<\/p>\n<p class=\"MsoNormal\">Desta forma todos ter\u00e3o as inform\u00e7\u00f5es ao \u00a0mesmo tempo, pois o site permitir\u00e1 o acesso simult\u00e2neo tanto dos \u00f3rg\u00e3os de imprensa como da comunidade \u00e0s not\u00edcias e eventos, com a devida anteced\u00eancia.<\/p>\n<p class=\"MsoNormal\">Mas as novidades n\u00e3o param por a\u00ed.<\/p>\n<p class=\"MsoNormal\">Projetos de porte nacional como o \u201cMinha Casa, Minha Vida\u201d ter\u00e3o prioridade e instru\u00e7\u00f5es amplamente aprimoradas.<\/p>\n<p class=\"MsoNormal\">Desta forma a Prefeitura de Ji-Paran\u00e1 <span> <\/span>deve melhorar substancialmente a comunica\u00e7\u00e3o com a comunidade.<\/p>\n<p class=\"MsoNormal\">O site ainda n\u00e3o tem data definida para ser inaugurado, por\u00e9m os testes est\u00e3o em est\u00e1gio avan\u00e7ado e a expectativa \u00e9 que ainda no primeiro semestre algumas\u00a0 funcionalidades sejam liberadas.<\/p>\n","protected":false},"excerpt":{"rendered":"<p>O site municipal est\u00e1 sendo completamente redesenhado para ser organizado, ter f\u00e1cil navega\u00e7\u00e3o e manter o conte\u00fado atualizado e din\u00e2mico, principalmente as not\u00edcias e agenda institucional. Desta forma todos ter\u00e3o as inform\u00e7\u00f5es ao \u00a0mesmo tempo, pois o site permitir\u00e1 o acesso simult\u00e2neo tanto dos \u00f3rg\u00e3os de imprensa como da comunidade \u00e0s not\u00edcias e eventos, com [&hellip;]<\/p>\n","protected":false},"author":3,"featured_media":0,"comment_status":"open","ping_status":"open","sticky":false,"template":"","format":"standard","meta":{"tdm_status":"","tdm_grid_status":"","footnotes":""},"categories":[7],"tags":[],"class_list":{"0":"post-1660","1":"post","2":"type-post","3":"status-publish","4":"format-standard","6":"category-economia"},"_links":{"self":[{"href":"https:\/\/migracao.redenoticia.com.br\/noticia\/wp-json\/wp\/v2\/posts\/1660","targetHints":{"allow":["GET"]}}],"collection":[{"href":"https:\/\/migracao.redenoticia.com.br\/noticia\/wp-json\/wp\/v2\/posts"}],"about":[{"href":"https:\/\/migracao.redenoticia.com.br\/noticia\/wp-json\/wp\/v2\/types\/post"}],"author":[{"embeddable":true,"href":"https:\/\/migracao.redenoticia.com.br\/noticia\/wp-json\/wp\/v2\/users\/3"}],"replies":[{"embeddable":true,"href":"https:\/\/migracao.redenoticia.com.br\/noticia\/wp-json\/wp\/v2\/comments?post=1660"}],"version-history":[{"count":0,"href":"https:\/\/migracao.redenoticia.com.br\/noticia\/wp-json\/wp\/v2\/posts\/1660\/revisions"}],"wp:attachment":[{"href":"https:\/\/migracao.redenoticia.com.br\/noticia\/wp-json\/wp\/v2\/media?parent=1660"}],"wp:term":[{"taxonomy":"category","embeddable":true,"href":"https:\/\/migracao.redenoticia.com.br\/noticia\/wp-json\/wp\/v2\/categories?post=1660"},{"taxonomy":"post_tag","embeddable":true,"href":"https:\/\/migracao.redenoticia.com.br\/noticia\/wp-json\/wp\/v2\/tags?post=1660"}],"curies":[{"name":"wp","href":"https:\/\/api.w.org\/{rel}","templated":true}]}}