{"id":166047,"date":"2019-01-18T14:35:26","date_gmt":"2019-01-18T16:35:26","guid":{"rendered":"https:\/\/www.redenoticia.com.br\/noticia\/?p=166047"},"modified":"2019-01-18T23:23:54","modified_gmt":"2019-01-19T01:23:54","slug":"resumo-novela-o-tempo-nao-para-19-01-oficiais-da-marinha-cercam-a-mansao-de-dom-sabino","status":"publish","type":"post","link":"https:\/\/migracao.redenoticia.com.br\/noticia\/2019\/resumo-novela-o-tempo-nao-para-19-01-oficiais-da-marinha-cercam-a-mansao-de-dom-sabino\/166047","title":{"rendered":"Resumo novela \u201cO Tempo N\u00e3o Para\u201d 19\/01: Oficiais cercam a mans\u00e3o de Dom Sabino"},"content":{"rendered":"<p><strong><em><img loading=\"lazy\" decoding=\"async\" class=\"aligncenter size-large wp-image-149486\" src=\"https:\/\/migracao.redenoticia.com.br\/noticia\/imagens\/o-tempo-nao-para-resumo-novela-33-400x225.jpg\" alt=\"\" width=\"400\" height=\"225\" srcset=\"https:\/\/migracao.redenoticia.com.br\/noticia\/imagens\/o-tempo-nao-para-resumo-novela-33-400x225.jpg 400w, https:\/\/migracao.redenoticia.com.br\/noticia\/imagens\/o-tempo-nao-para-resumo-novela-33-250x141.jpg 250w, https:\/\/migracao.redenoticia.com.br\/noticia\/imagens\/o-tempo-nao-para-resumo-novela-33-150x84.jpg 150w, https:\/\/migracao.redenoticia.com.br\/noticia\/imagens\/o-tempo-nao-para-resumo-novela-33.jpg 640w\" sizes=\"auto, (max-width: 400px) 100vw, 400px\" \/>Resumo novela \u201cO Tempo N\u00e3o Para\u201d 19\/01 <\/em><\/strong>: no cap\u00edtulo 149(*) da novela, resumo s\u00e1bado, 19 de janeiro, Helen escuta Petra confabulando com Mateus sobre a quarentena das pessoas congeladas. Herberto exige a cabe\u00e7a de Mariacarla para fazer a manipula\u00e7\u00e3o do v\u00edrus a pedido de L\u00facio. Samuca e Marocas decidem se unir a Rafael em seu acampamento. Eliseu emociona com seu depoimento no processo a favor da Samvita. Samuel avisa a todos que a Samvita foi recuperada. Helen informa a Vanda que Petra e Mateus conseguiram a tutela dos congelados.<\/p>\n<p>Marocas ajuda Miss Celine a se arrumar para o casamento. Petra pede a Dom Sabino uma reuni\u00e3o com a fam\u00edlia e agregados. Mateus demonstra n\u00e3o concordar com a estrat\u00e9gia de Petra para abordar a fam\u00edlia de Dom Sabino. Miss Celine e Elmo se casam. Oficiais da Marinha cercam a mans\u00e3o de Dom Sabino.<\/p>\n<p>(*) edi\u00e7\u00e3o da Rede Globo, Novela \u201cO Tempo N\u00e3o Para\u201d, sujeito a altera\u00e7\u00e3o de data e conte\u00fado.<\/p>\n<p>Destaques<\/p>\n<p>Anos de avan\u00e7os e descobertas que moldaram costumes, h\u00e1bitos e linguagens da sociedade contempor\u00e2nea v\u00e3o gerar um choque em uma abastada fam\u00edlia do s\u00e9culo XIX que desperta no s\u00e9culo XXI. Por 132 anos, os Sabino Machado e seus agregados ficaram congelados, dentro de um bloco de gelo, enquanto a vida l\u00e1 fora passava. Agora, v\u00e3o despertar em uma S\u00e3o Paulo pulsante e turbulenta e se deparar com a sociedade em pleno 2018. &#8220;O Tempo N\u00e3o Para&#8221;, nova novela das 7, \u00e9 escrita por Mario Teixeira e tem dire\u00e7\u00e3o art\u00edstica de Leonardo Nogueira.<\/p>\n","protected":false},"excerpt":{"rendered":"<p>Resumo novela \u201cO Tempo N\u00e3o Para\u201d 19\/01 : no cap\u00edtulo 149(*) da novela, resumo s\u00e1bado, 19 de janeiro, Helen escuta Petra confabulando com Mateus sobre a quarentena das pessoas congeladas. Herberto exige a cabe\u00e7a de Mariacarla para fazer a manipula\u00e7\u00e3o do v\u00edrus a pedido de L\u00facio. Samuca e Marocas decidem se unir a Rafael em [&hellip;]<\/p>\n","protected":false},"author":4,"featured_media":148135,"comment_status":"open","ping_status":"closed","sticky":false,"template":"","format":"standard","meta":{"tdm_status":"","tdm_grid_status":"","footnotes":""},"categories":[379,490,375,343],"tags":[441],"class_list":{"0":"post-166047","1":"post","2":"type-post","3":"status-publish","4":"format-standard","5":"has-post-thumbnail","7":"category-novelas","8":"category-o-tempo-nao-para","9":"category-rede-globo","10":"category-televisao","11":"tag-resumo-do-dia"},"_links":{"self":[{"href":"https:\/\/migracao.redenoticia.com.br\/noticia\/wp-json\/wp\/v2\/posts\/166047","targetHints":{"allow":["GET"]}}],"collection":[{"href":"https:\/\/migracao.redenoticia.com.br\/noticia\/wp-json\/wp\/v2\/posts"}],"about":[{"href":"https:\/\/migracao.redenoticia.com.br\/noticia\/wp-json\/wp\/v2\/types\/post"}],"author":[{"embeddable":true,"href":"https:\/\/migracao.redenoticia.com.br\/noticia\/wp-json\/wp\/v2\/users\/4"}],"replies":[{"embeddable":true,"href":"https:\/\/migracao.redenoticia.com.br\/noticia\/wp-json\/wp\/v2\/comments?post=166047"}],"version-history":[{"count":0,"href":"https:\/\/migracao.redenoticia.com.br\/noticia\/wp-json\/wp\/v2\/posts\/166047\/revisions"}],"wp:featuredmedia":[{"embeddable":true,"href":"https:\/\/migracao.redenoticia.com.br\/noticia\/wp-json\/wp\/v2\/media\/148135"}],"wp:attachment":[{"href":"https:\/\/migracao.redenoticia.com.br\/noticia\/wp-json\/wp\/v2\/media?parent=166047"}],"wp:term":[{"taxonomy":"category","embeddable":true,"href":"https:\/\/migracao.redenoticia.com.br\/noticia\/wp-json\/wp\/v2\/categories?post=166047"},{"taxonomy":"post_tag","embeddable":true,"href":"https:\/\/migracao.redenoticia.com.br\/noticia\/wp-json\/wp\/v2\/tags?post=166047"}],"curies":[{"name":"wp","href":"https:\/\/api.w.org\/{rel}","templated":true}]}}